{"id":7137,"date":"2025-12-12T18:17:16","date_gmt":"2025-12-12T18:17:16","guid":{"rendered":"https:\/\/noticierotamaulipeco.info\/?p=7137"},"modified":"2025-12-16T18:18:00","modified_gmt":"2025-12-16T18:18:00","slug":"inicia-la-uat-su-periodo-vacacional-de-invierno","status":"publish","type":"post","link":"https:\/\/noticierotamaulipeco.info\/?p=7137","title":{"rendered":"Inicia la UAT su per\u00edodo vacacional de invierno"},"content":{"rendered":"\n<p>12 de diciembre del 2025<\/p>\n\n\n\n<p><strong>&#8220;<\/strong>&nbsp;Luego de concluir las actividades escolares del ciclo 2025-3, la Universidad Aut\u00f3noma de Tamaulipas (UAT) inici\u00f3 su per\u00edodo vacacional de invierno para todas las dependencias acad\u00e9micas y administrativas correspondiente al cierre del a\u00f1o 2025.&nbsp;<strong>&#8220;<\/strong><\/p>\n\n\n\n<p>\u200b<\/p>\n\n\n\n<p>Ciudad Victoria, Tam.; 12 de diciembre de 2025.<\/p>\n\n\n\n<p>Conforme a lo establecido en el calendario institucional, el receso laboral comprende del 15 de diciembre de 2025 al 4 de enero de 2026, por lo que la actividad administrativa se reanudar\u00e1 el lunes 5 de enero de 2026 en todas las dependencias y planteles de la casa de estudios.<\/p>\n\n\n\n<p>Durante este per\u00edodo, la Universidad mantendr\u00e1 \u00fanicamente las guardias necesarias en las \u00e1reas operativas que requieren continuidad, mientras que el resto del personal acad\u00e9mico, administrativo y de apoyo disfrutar\u00e1 del descanso programado para esta temporada.<\/p>\n\n\n\n<p>El rector de la UAT, D\u00e1maso Anaya Alvarado, ha expresado a toda la comunidad universitaria su deseo de que esta temporada sea propicia para la convivencia familiar, la reflexi\u00f3n y el esparcimiento, especialmente despu\u00e9s de un a\u00f1o de intensa actividad acad\u00e9mica, cultural y administrativa.<\/p>\n\n\n\n<p>Al cierre de 2025 reiter\u00f3 su mensaje de agradecimiento a docentes, estudiantes, personal directivo y laboral por el compromiso demostrado a lo largo de este a\u00f1o, en el que se consolidaron proyectos acad\u00e9micos, se fortalecieron procesos de calidad educativa y se impulsaron actividades de investigaci\u00f3n, extensi\u00f3n y vinculaci\u00f3n en beneficio de la sociedad tamaulipeca.<\/p>\n\n\n\n<p>De cara al regreso en enero de 2026, la Universidad iniciar\u00e1 con la activaci\u00f3n de diversos procesos institucionales, entre ellos, la apertura de inscripciones y reinscripciones del 5 al 16 de enero y el inicio de clases del per\u00edodo Primavera 2026 para el 19 del mismo mes.<\/p>\n\n\n\n<p>Asimismo, en las primeras semanas del a\u00f1o se retomar\u00e1n los tr\u00e1mites administrativos habituales, la regularizaci\u00f3n documental, la entrega de actas y los procedimientos de becas conforme a las fechas establecidas en cada facultad y unidad acad\u00e9mica.<\/p>\n\n\n\n<p>La UAT invit\u00f3 a su comunidad a mantenerse atenta a los canales oficiales de comunicaci\u00f3n para conocer los detalles de los procesos que se desarrollar\u00e1n en el arranque del nuevo ciclo escolar, y reiter\u00f3 su compromiso de continuar trabajando en favor de una educaci\u00f3n p\u00fablica de calidad, incluyente y vinculada al desarrollo de Tamaulipas.<\/p>\n\n\n\n<p>\u200b&nbsp;\u200b<\/p>\n\n\n\n<figure class=\"wp-block-image\"><img decoding=\"async\" src=\"https:\/\/www.uat.edu.mx\/noticias\/PublishingImages\/2024\/05\/sal2_PDS504.jpg\" alt=\"\"\/><\/figure>\n","protected":false},"excerpt":{"rendered":"<p>12 de diciembre del 2025 &#8220;&nbsp;Luego de concluir las actividades escolares del ciclo 2025-3, la&#8230;<\/p>\n","protected":false},"author":1,"featured_media":7138,"comment_status":"open","ping_status":"open","sticky":false,"template":"","format":"standard","meta":{"footnotes":""},"categories":[4],"tags":[],"class_list":["post-7137","post","type-post","status-publish","format-standard","has-post-thumbnail","hentry","category-educacion"],"_links":{"self":[{"href":"https:\/\/noticierotamaulipeco.info\/index.php?rest_route=\/wp\/v2\/posts\/7137","targetHints":{"allow":["GET"]}}],"collection":[{"href":"https:\/\/noticierotamaulipeco.info\/index.php?rest_route=\/wp\/v2\/posts"}],"about":[{"href":"https:\/\/noticierotamaulipeco.info\/index.php?rest_route=\/wp\/v2\/types\/post"}],"author":[{"embeddable":true,"href":"https:\/\/noticierotamaulipeco.info\/index.php?rest_route=\/wp\/v2\/users\/1"}],"replies":[{"embeddable":true,"href":"https:\/\/noticierotamaulipeco.info\/index.php?rest_route=%2Fwp%2Fv2%2Fcomments&post=7137"}],"version-history":[{"count":1,"href":"https:\/\/noticierotamaulipeco.info\/index.php?rest_route=\/wp\/v2\/posts\/7137\/revisions"}],"predecessor-version":[{"id":7139,"href":"https:\/\/noticierotamaulipeco.info\/index.php?rest_route=\/wp\/v2\/posts\/7137\/revisions\/7139"}],"wp:featuredmedia":[{"embeddable":true,"href":"https:\/\/noticierotamaulipeco.info\/index.php?rest_route=\/wp\/v2\/media\/7138"}],"wp:attachment":[{"href":"https:\/\/noticierotamaulipeco.info\/index.php?rest_route=%2Fwp%2Fv2%2Fmedia&parent=7137"}],"wp:term":[{"taxonomy":"category","embeddable":true,"href":"https:\/\/noticierotamaulipeco.info\/index.php?rest_route=%2Fwp%2Fv2%2Fcategories&post=7137"},{"taxonomy":"post_tag","embeddable":true,"href":"https:\/\/noticierotamaulipeco.info\/index.php?rest_route=%2Fwp%2Fv2%2Ftags&post=7137"}],"curies":[{"name":"wp","href":"https:\/\/api.w.org\/{rel}","templated":true}]}}