{"id":7152,"date":"2025-12-12T16:37:07","date_gmt":"2025-12-12T16:37:07","guid":{"rendered":"https:\/\/noticierotamaulipeco.info\/?p=7152"},"modified":"2025-12-17T17:05:52","modified_gmt":"2025-12-17T17:05:52","slug":"otorga-codhet-mencion-especial-a-sipinna-tamaulipas-por-practicas-destacadas-en-la-proteccion-de-los-derechos-de-ninas-ninos-y-adolescentes","status":"publish","type":"post","link":"https:\/\/noticierotamaulipeco.info\/?p=7152","title":{"rendered":"Otorga CODHET Menci\u00f3n Especial a SIPINNA Tamaulipas por pr\u00e1cticas destacadas en la protecci\u00f3n de los derechos de ni\u00f1as, ni\u00f1os y adolescentes"},"content":{"rendered":"\n<p>12 Diciembre, 2025<\/p>\n\n\n\n<p>Ciudad Victoria, Tamaulipas. \u2013 La Comisi\u00f3n de Derechos Humanos del Estado de Tamaulipas (CODHET) otorg\u00f3 una Menci\u00f3n Especial al Sistema Estatal de Protecci\u00f3n Integral de Ni\u00f1as, Ni\u00f1os y Adolescentes de Tamaulipas (SIPINNA) por su destacada participaci\u00f3n en la categor\u00eda \u201cGarantizar los derechos humanos de ni\u00f1os, ni\u00f1as y adolescentes\u201d, dentro de la Convocatoria del Reconocimiento Estatal a Mejores Pr\u00e1cticas en Materia de No Discriminaci\u00f3n 2025, emitida por dicho organismo estatal.<\/p>\n\n\n\n<p>El reconocimiento fue entregado durante una ceremonia solemne realizada en el auditorio del Archivo General e Hist\u00f3rico del Estado de Tamaulipas, encabezada por la presidenta de la CODHET, Mar\u00eda Taide Garza Guerra.<\/p>\n\n\n\n<p>Ivette Salazar M\u00e1rquez, secretaria ejecutiva del SIPINNA Tamaulipas, recibi\u00f3 la Menci\u00f3n Especial y expres\u00f3 su agradecimiento por esta distinci\u00f3n. Se\u00f1al\u00f3 que este logro es resultado de las pol\u00edticas p\u00fablicas impulsadas por el gobierno humanista del gobernador Am\u00e9rico Villarreal Anaya, quien desde el inicio de su administraci\u00f3n ha establecido como eje fundamental la protecci\u00f3n de los derechos de la ni\u00f1ez tamaulipeca.<\/p>\n\n\n\n<p><\/p>\n","protected":false},"excerpt":{"rendered":"<p>12 Diciembre, 2025 Ciudad Victoria, Tamaulipas. \u2013 La Comisi\u00f3n de Derechos Humanos del Estado de&#8230;<\/p>\n","protected":false},"author":1,"featured_media":7153,"comment_status":"open","ping_status":"open","sticky":false,"template":"","format":"standard","meta":{"footnotes":""},"categories":[2],"tags":[],"class_list":["post-7152","post","type-post","status-publish","format-standard","has-post-thumbnail","hentry","category-tamaulipas"],"_links":{"self":[{"href":"https:\/\/noticierotamaulipeco.info\/index.php?rest_route=\/wp\/v2\/posts\/7152","targetHints":{"allow":["GET"]}}],"collection":[{"href":"https:\/\/noticierotamaulipeco.info\/index.php?rest_route=\/wp\/v2\/posts"}],"about":[{"href":"https:\/\/noticierotamaulipeco.info\/index.php?rest_route=\/wp\/v2\/types\/post"}],"author":[{"embeddable":true,"href":"https:\/\/noticierotamaulipeco.info\/index.php?rest_route=\/wp\/v2\/users\/1"}],"replies":[{"embeddable":true,"href":"https:\/\/noticierotamaulipeco.info\/index.php?rest_route=%2Fwp%2Fv2%2Fcomments&post=7152"}],"version-history":[{"count":1,"href":"https:\/\/noticierotamaulipeco.info\/index.php?rest_route=\/wp\/v2\/posts\/7152\/revisions"}],"predecessor-version":[{"id":7154,"href":"https:\/\/noticierotamaulipeco.info\/index.php?rest_route=\/wp\/v2\/posts\/7152\/revisions\/7154"}],"wp:featuredmedia":[{"embeddable":true,"href":"https:\/\/noticierotamaulipeco.info\/index.php?rest_route=\/wp\/v2\/media\/7153"}],"wp:attachment":[{"href":"https:\/\/noticierotamaulipeco.info\/index.php?rest_route=%2Fwp%2Fv2%2Fmedia&parent=7152"}],"wp:term":[{"taxonomy":"category","embeddable":true,"href":"https:\/\/noticierotamaulipeco.info\/index.php?rest_route=%2Fwp%2Fv2%2Fcategories&post=7152"},{"taxonomy":"post_tag","embeddable":true,"href":"https:\/\/noticierotamaulipeco.info\/index.php?rest_route=%2Fwp%2Fv2%2Ftags&post=7152"}],"curies":[{"name":"wp","href":"https:\/\/api.w.org\/{rel}","templated":true}]}}