{"id":717,"date":"2023-11-02T17:20:00","date_gmt":"2023-11-02T17:20:00","guid":{"rendered":"https:\/\/noticierotamaulipeco.info\/?p=717"},"modified":"2023-11-04T05:22:41","modified_gmt":"2023-11-04T05:22:41","slug":"concluye-uat-con-exito-la-semana-de-la-psicologia-en-el-campus-tampico","status":"publish","type":"post","link":"https:\/\/noticierotamaulipeco.info\/?p=717","title":{"rendered":"Concluye UAT con \u00e9xito la Semana de la Psicolog\u00eda en el Campus Tampico"},"content":{"rendered":"\n<figure class=\"wp-block-image size-large\"><img loading=\"lazy\" decoding=\"async\" width=\"1024\" height=\"683\" src=\"https:\/\/noticierotamaulipeco.info\/wp-content\/uploads\/2023\/11\/1-1024x683.jpg\" alt=\"\" class=\"wp-image-718\" srcset=\"https:\/\/noticierotamaulipeco.info\/wp-content\/uploads\/2023\/11\/1-1024x683.jpg 1024w, https:\/\/noticierotamaulipeco.info\/wp-content\/uploads\/2023\/11\/1-300x200.jpg 300w, https:\/\/noticierotamaulipeco.info\/wp-content\/uploads\/2023\/11\/1-768x512.jpg 768w, https:\/\/noticierotamaulipeco.info\/wp-content\/uploads\/2023\/11\/1-1536x1024.jpg 1536w, https:\/\/noticierotamaulipeco.info\/wp-content\/uploads\/2023\/11\/1.jpg 2048w\" sizes=\"auto, (max-width: 1024px) 100vw, 1024px\" \/><\/figure>\n\n\n\n<p>Tampico, Tam.; 2 de noviembre de 2023.<br>Concluye UAT con \u00e9xito la Semana de la Psicolog\u00eda en el Campus<\/p>\n\n\n\n<p>Tampico<\/p>\n\n\n\n<p>La Universidad Aut\u00f3noma de Tamaulipas (UAT) a trav\u00e9s de la Facultad de<br>Derecho y Ciencias Sociales (FADYCS) Tampico concluy\u00f3 con \u00e9xito la s\u00e9ptima<br>Semana de la Psicolog\u00eda que se desarroll\u00f3 del 30 de octubre al 1 de noviembre de<br>2023, mediante un programa de conferencias, talleres y conversatorios dirigidos a<br>docentes y estudiantes de la Licenciatura en Psicolog\u00eda de ese plantel<br>universitario.<br>Con el tema central &#8220;Psicoterapia: una visi\u00f3n renovada&#8221;, las actividades<br>tuvieron como sedes el Espacio Cultural Metropolitano de Tampico y las<br>instalaciones de la FADYCS en el Campus Sur de la UAT.<br>El evento acad\u00e9mico se enmarca en el Programa Vida UAT impulsado por<br>el rector C.P. Guillermo Mendoza Cavazos, qui\u00e9n ha destacado la importancia de<br>dotar a los alumnos de herramientas educativas que les permitan contar con una<br>s\u00f3lida formaci\u00f3n integral.<br>La apertura de los trabajos correspondi\u00f3 a la directora de la FADYCS, Dra.<br>Elda Ruth de Los Reyes Villarreal, en ceremonia que se llev\u00f3 a cabo en el Teatro<br>del Espacio Cultural Metropolitano.<br>Como parte del programa se imparti\u00f3 la conferencia &#8220;Modelo Integrativo de<br>Regulaci\u00f3n Emocional (MIRE)&#8221; a cargo del Dr. Michel Andr\u00e9 Reyes Ortega,<br>especialista en el campo de la psicoterapia.<br>Se disert\u00f3 tambi\u00e9n la conferencia &#8220;Terapia de aceptaci\u00f3n y compromiso: un<br>camino hacia una vida saludable&#8221;, que abord\u00f3 el Mtro. Jonathan Gamaliel Acu\u00f1a<br>Mascare\u00f1as, coordinador del \u00e1rea de Asesor\u00eda Psicol\u00f3gica de la FADYCS.<br>Adem\u00e1s, se efectu\u00f3 el conversatorio &#8220;Contexto de la pandemia por COVID:<br>origen, consecuencias y estrategias de intervenci\u00f3n&#8221;, donde participaron el Dr.<\/p>\n\n\n\n<p>Michel Andr\u00e9 Reyes Ortega, la Mtra. Sandra Esther Becerril Carrrasco, la Dra.<br>Venus Mar\u00eda Piedad Bonilla Rocha y la Mtra. Ilse Alejandra G\u00f3mez Ortega.<br>En otras ponencias se impartieron los temas: &#8220;Elementos fundamentales<br>para la evaluaci\u00f3n neuropsicol\u00f3gica infantil&#8221;, que disert\u00f3 la Dra. Silvia Eunice<br>Garc\u00eda Gonz\u00e1lez; y &#8220;No existe una psicoterapia adhoc sin supervisi\u00f3n cl\u00ednica<br>directa&#8221;, dictada por la Mtra. Sandra Esther Becerril Carrasco.<br>Cabe se\u00f1alar que los estudiantes tambi\u00e9n pudieron participar en talleres<br>tales como: Una alternativa para moldear la conducta adaptativa en el ni\u00f1o con<br>TEA, el m\u00e9todo ABA; El amor duele, y si no duele no es amor; Explorando los<br>v\u00ednculos emocionales: apegos de Bowlby desde una perspectiva Gestalt; y<br>Estructuras cl\u00ednicas en la psicoterapia psicoanal\u00edtica; estrategias para favorecer la<br>autorregulaci\u00f3n emocional en ni\u00f1os con TDAH, entre otros.<\/p>\n","protected":false},"excerpt":{"rendered":"<p>Tampico, Tam.; 2 de noviembre de 2023.Concluye UAT con \u00e9xito la Semana de la Psicolog\u00eda&#8230;<\/p>\n","protected":false},"author":1,"featured_media":718,"comment_status":"open","ping_status":"open","sticky":false,"template":"","format":"standard","meta":{"footnotes":""},"categories":[4],"tags":[],"class_list":["post-717","post","type-post","status-publish","format-standard","has-post-thumbnail","hentry","category-educacion"],"_links":{"self":[{"href":"https:\/\/noticierotamaulipeco.info\/index.php?rest_route=\/wp\/v2\/posts\/717","targetHints":{"allow":["GET"]}}],"collection":[{"href":"https:\/\/noticierotamaulipeco.info\/index.php?rest_route=\/wp\/v2\/posts"}],"about":[{"href":"https:\/\/noticierotamaulipeco.info\/index.php?rest_route=\/wp\/v2\/types\/post"}],"author":[{"embeddable":true,"href":"https:\/\/noticierotamaulipeco.info\/index.php?rest_route=\/wp\/v2\/users\/1"}],"replies":[{"embeddable":true,"href":"https:\/\/noticierotamaulipeco.info\/index.php?rest_route=%2Fwp%2Fv2%2Fcomments&post=717"}],"version-history":[{"count":1,"href":"https:\/\/noticierotamaulipeco.info\/index.php?rest_route=\/wp\/v2\/posts\/717\/revisions"}],"predecessor-version":[{"id":719,"href":"https:\/\/noticierotamaulipeco.info\/index.php?rest_route=\/wp\/v2\/posts\/717\/revisions\/719"}],"wp:featuredmedia":[{"embeddable":true,"href":"https:\/\/noticierotamaulipeco.info\/index.php?rest_route=\/wp\/v2\/media\/718"}],"wp:attachment":[{"href":"https:\/\/noticierotamaulipeco.info\/index.php?rest_route=%2Fwp%2Fv2%2Fmedia&parent=717"}],"wp:term":[{"taxonomy":"category","embeddable":true,"href":"https:\/\/noticierotamaulipeco.info\/index.php?rest_route=%2Fwp%2Fv2%2Fcategories&post=717"},{"taxonomy":"post_tag","embeddable":true,"href":"https:\/\/noticierotamaulipeco.info\/index.php?rest_route=%2Fwp%2Fv2%2Ftags&post=717"}],"curies":[{"name":"wp","href":"https:\/\/api.w.org\/{rel}","templated":true}]}}