{"id":7176,"date":"2025-12-13T17:57:08","date_gmt":"2025-12-13T17:57:08","guid":{"rendered":"https:\/\/noticierotamaulipeco.info\/?p=7176"},"modified":"2025-12-17T17:59:21","modified_gmt":"2025-12-17T17:59:21","slug":"fallece-abraham-quintanilla-padre-y-principal-impulsor-de-la-carrera-de-selena","status":"publish","type":"post","link":"https:\/\/noticierotamaulipeco.info\/?p=7176","title":{"rendered":"Fallece Abraham Quintanilla, padre y principal impulsor de la carrera de Selena"},"content":{"rendered":"\n<p>13 Diciembre, 2025<\/p>\n\n\n\n<p>El pap\u00e1 de Selena Quintanilla,&nbsp;<strong>Abraham Quintanilla<\/strong>, falleci\u00f3 la ma\u00f1ana de este jueves. La noticia fue confirmada por su hijo, el m\u00fasico A.B. Quintanilla, a trav\u00e9s de redes sociales, donde tambi\u00e9n destac\u00f3 el papel clave que tuvo su padre en el impulso de la carrera art\u00edstica de su hermana.<\/p>\n\n\n\n<p>El fallecimiento de&nbsp;<strong>Abraham Quintanilla<\/strong>&nbsp;gener\u00f3 una ola de reacciones entre seguidores y figuras de la industria musical, luego de que A.B. compartiera un emotivo mensaje para despedirse de \u00e9l.<\/p>\n\n\n\n<p>Hasta el momento se desconoce el motivo de su muerte.<\/p>\n\n\n\n<blockquote class=\"wp-block-quote is-layout-flow wp-block-quote-is-layout-flow\">\n<p>\u201cEs con un gran coraz\u00f3n hacerles saber que mi padre falleci\u00f3 hoy\u201d, escribi\u00f3 A.B. Quintanilla junto a una fotograf\u00eda del cantante, compositor y productor.<\/p>\n<\/blockquote>\n\n\n\n<p><strong>Abraham Quintanilla<\/strong>&nbsp;muri\u00f3 a los 86 a\u00f1os. Fue reconocido no solo por haber dirigido y consolidado la carrera de&nbsp;<strong>Selena,<\/strong>&nbsp;int\u00e9rprete de Como la Flor, sino tambi\u00e9n por fungir como productor&nbsp;<strong>ejecutivo de la pel\u00edcula biogr\u00e1fica<\/strong>&nbsp;sobre su vida estrenada en 1997 y protagonizada por Jennifer Lopez.<\/p>\n\n\n\n<p><\/p>\n","protected":false},"excerpt":{"rendered":"<p>13 Diciembre, 2025 El pap\u00e1 de Selena Quintanilla,&nbsp;Abraham Quintanilla, falleci\u00f3 la ma\u00f1ana de este jueves&#8230;.<\/p>\n","protected":false},"author":1,"featured_media":7177,"comment_status":"open","ping_status":"open","sticky":false,"template":"","format":"standard","meta":{"footnotes":""},"categories":[7],"tags":[],"class_list":["post-7176","post","type-post","status-publish","format-standard","has-post-thumbnail","hentry","category-espectaculos"],"_links":{"self":[{"href":"https:\/\/noticierotamaulipeco.info\/index.php?rest_route=\/wp\/v2\/posts\/7176","targetHints":{"allow":["GET"]}}],"collection":[{"href":"https:\/\/noticierotamaulipeco.info\/index.php?rest_route=\/wp\/v2\/posts"}],"about":[{"href":"https:\/\/noticierotamaulipeco.info\/index.php?rest_route=\/wp\/v2\/types\/post"}],"author":[{"embeddable":true,"href":"https:\/\/noticierotamaulipeco.info\/index.php?rest_route=\/wp\/v2\/users\/1"}],"replies":[{"embeddable":true,"href":"https:\/\/noticierotamaulipeco.info\/index.php?rest_route=%2Fwp%2Fv2%2Fcomments&post=7176"}],"version-history":[{"count":1,"href":"https:\/\/noticierotamaulipeco.info\/index.php?rest_route=\/wp\/v2\/posts\/7176\/revisions"}],"predecessor-version":[{"id":7178,"href":"https:\/\/noticierotamaulipeco.info\/index.php?rest_route=\/wp\/v2\/posts\/7176\/revisions\/7178"}],"wp:featuredmedia":[{"embeddable":true,"href":"https:\/\/noticierotamaulipeco.info\/index.php?rest_route=\/wp\/v2\/media\/7177"}],"wp:attachment":[{"href":"https:\/\/noticierotamaulipeco.info\/index.php?rest_route=%2Fwp%2Fv2%2Fmedia&parent=7176"}],"wp:term":[{"taxonomy":"category","embeddable":true,"href":"https:\/\/noticierotamaulipeco.info\/index.php?rest_route=%2Fwp%2Fv2%2Fcategories&post=7176"},{"taxonomy":"post_tag","embeddable":true,"href":"https:\/\/noticierotamaulipeco.info\/index.php?rest_route=%2Fwp%2Fv2%2Ftags&post=7176"}],"curies":[{"name":"wp","href":"https:\/\/api.w.org\/{rel}","templated":true}]}}