{"id":7190,"date":"2025-12-17T15:32:04","date_gmt":"2025-12-17T15:32:04","guid":{"rendered":"https:\/\/noticierotamaulipeco.info\/?p=7190"},"modified":"2025-12-18T15:32:54","modified_gmt":"2025-12-18T15:32:54","slug":"participa-uat-en-agenda-nacional-para-el-fortalecimiento-de-la-educacion-superior","status":"publish","type":"post","link":"https:\/\/noticierotamaulipeco.info\/?p=7190","title":{"rendered":"Participa UAT en agenda nacional para el fortalecimiento de la educaci\u00f3n superior"},"content":{"rendered":"\n<p>17 de diciembre de 2025.<\/p>\n\n\n\n<p>El rector de la Universidad Aut\u00f3noma de Tamaulipas (UAT), D\u00e1maso Anaya Alvarado, particip\u00f3 en<br>la 18\u00aa Sesi\u00f3n Ordinaria del Consejo Nacional para la Coordinaci\u00f3n de la Educaci\u00f3n Superior<br>(CONACES), celebrada en la capital del pa\u00eds y convocada por la Secretar\u00eda de Educaci\u00f3n P\u00fablica<br>(SEP).<br>Durante su asistencia a este evento, el rector D\u00e1maso Anaya reafirm\u00f3 el compromiso de sumar los<br>esfuerzos de la UAT en la agenda nacional para fortalecer la educaci\u00f3n superior mediante la<br>vinculaci\u00f3n con asociaciones clave, la colaboraci\u00f3n con otras instituciones y la alineaci\u00f3n de sus<br>pol\u00edticas acad\u00e9micas con las directrices nacionales.<br>La reuni\u00f3n, realizada este martes 16 de diciembre, fue presidida por el titular de la SEP, Mario<br>Delgado Carrillo, quien destac\u00f3 la importancia de este encuentro que marca las acciones para<br>continuar mejorando la educaci\u00f3n superior en beneficio de las y los j\u00f3venes.<br>El funcionario federal reafirm\u00f3 tambi\u00e9n el compromiso de planificar en conjunto, generar<br>mecanismos de coordinaci\u00f3n y de avanzar con innovaci\u00f3n, ciencia y tecnolog\u00eda hacia el<br>fortalecimiento de la educaci\u00f3n superior.<br>En el desarrollo de los trabajos realizados en el hist\u00f3rico edificio de la SEP, intervino tambi\u00e9n la<br>titular de la Secretar\u00eda de Ciencia, Humanidades, Tecnolog\u00eda e Innovaci\u00f3n (SECIHTI), Rosaura Ruiz<br>Guti\u00e9rrez, con la presencia del secretario general ejecutivo de la Asociaci\u00f3n Nacional de<br>Universidades e Instituciones de Educaci\u00f3n Superior (ANUIES), Luis Gonz\u00e1lez Placencia.<br>Durante la sesi\u00f3n del CONACES, los integrantes de este \u00f3rgano de coordinaci\u00f3n y reflexi\u00f3n,<br>debatieron sobre las pol\u00edticas p\u00fablicas en materia de educaci\u00f3n superior y analizaron los retos y<br>avances logrados a lo largo del a\u00f1o.<\/p>\n\n\n\n<figure class=\"wp-block-image\"><img decoding=\"async\" src=\"https:\/\/diarioelcuerudo.info\/wp-content\/uploads\/2025\/12\/17-1.jpg\" alt=\"\" class=\"wp-image-4589\"\/><\/figure>\n","protected":false},"excerpt":{"rendered":"<p>17 de diciembre de 2025. El rector de la Universidad Aut\u00f3noma de Tamaulipas (UAT), D\u00e1maso&#8230;<\/p>\n","protected":false},"author":1,"featured_media":7191,"comment_status":"open","ping_status":"open","sticky":false,"template":"","format":"standard","meta":{"footnotes":""},"categories":[4],"tags":[],"class_list":["post-7190","post","type-post","status-publish","format-standard","has-post-thumbnail","hentry","category-educacion"],"_links":{"self":[{"href":"https:\/\/noticierotamaulipeco.info\/index.php?rest_route=\/wp\/v2\/posts\/7190","targetHints":{"allow":["GET"]}}],"collection":[{"href":"https:\/\/noticierotamaulipeco.info\/index.php?rest_route=\/wp\/v2\/posts"}],"about":[{"href":"https:\/\/noticierotamaulipeco.info\/index.php?rest_route=\/wp\/v2\/types\/post"}],"author":[{"embeddable":true,"href":"https:\/\/noticierotamaulipeco.info\/index.php?rest_route=\/wp\/v2\/users\/1"}],"replies":[{"embeddable":true,"href":"https:\/\/noticierotamaulipeco.info\/index.php?rest_route=%2Fwp%2Fv2%2Fcomments&post=7190"}],"version-history":[{"count":1,"href":"https:\/\/noticierotamaulipeco.info\/index.php?rest_route=\/wp\/v2\/posts\/7190\/revisions"}],"predecessor-version":[{"id":7192,"href":"https:\/\/noticierotamaulipeco.info\/index.php?rest_route=\/wp\/v2\/posts\/7190\/revisions\/7192"}],"wp:featuredmedia":[{"embeddable":true,"href":"https:\/\/noticierotamaulipeco.info\/index.php?rest_route=\/wp\/v2\/media\/7191"}],"wp:attachment":[{"href":"https:\/\/noticierotamaulipeco.info\/index.php?rest_route=%2Fwp%2Fv2%2Fmedia&parent=7190"}],"wp:term":[{"taxonomy":"category","embeddable":true,"href":"https:\/\/noticierotamaulipeco.info\/index.php?rest_route=%2Fwp%2Fv2%2Fcategories&post=7190"},{"taxonomy":"post_tag","embeddable":true,"href":"https:\/\/noticierotamaulipeco.info\/index.php?rest_route=%2Fwp%2Fv2%2Ftags&post=7190"}],"curies":[{"name":"wp","href":"https:\/\/api.w.org\/{rel}","templated":true}]}}