{"id":720,"date":"2023-11-01T17:22:00","date_gmt":"2023-11-01T17:22:00","guid":{"rendered":"https:\/\/noticierotamaulipeco.info\/?p=720"},"modified":"2023-11-04T05:28:44","modified_gmt":"2023-11-04T05:28:44","slug":"celebra-uat-en-todos-sus-campus-las-tradiciones-del-dia-de-muertos","status":"publish","type":"post","link":"https:\/\/noticierotamaulipeco.info\/?p=720","title":{"rendered":"Celebra UAT en todos sus campus las tradiciones del D\u00eda de Muertos"},"content":{"rendered":"\n<figure class=\"wp-block-image size-large\"><img loading=\"lazy\" decoding=\"async\" width=\"1024\" height=\"682\" src=\"https:\/\/noticierotamaulipeco.info\/wp-content\/uploads\/2023\/11\/4-1-1024x682.jpg\" alt=\"\" class=\"wp-image-722\" srcset=\"https:\/\/noticierotamaulipeco.info\/wp-content\/uploads\/2023\/11\/4-1-1024x682.jpg 1024w, https:\/\/noticierotamaulipeco.info\/wp-content\/uploads\/2023\/11\/4-1-300x200.jpg 300w, https:\/\/noticierotamaulipeco.info\/wp-content\/uploads\/2023\/11\/4-1-768x512.jpg 768w, https:\/\/noticierotamaulipeco.info\/wp-content\/uploads\/2023\/11\/4-1.jpg 1280w\" sizes=\"auto, (max-width: 1024px) 100vw, 1024px\" \/><\/figure>\n\n\n\n<p>Ciudad Victoria, Tam.; 1 de noviembre de 2023.<\/p>\n\n\n\n<p>Celebra UAT en todos sus campus las tradiciones del D\u00eda de<\/p>\n\n\n\n<p>Muertos<\/p>\n\n\n\n<p>En un emotivo tributo a una de las festividades m\u00e1s emblem\u00e1ticas de la cultura<br>mexicana, la Universidad Aut\u00f3noma de Tamaulipas (UAT) llev\u00f3 a cabo una serie<br>de conmemoraciones para celebrar el D\u00eda de los Muertos, un evento que destaca<br>la riqueza de las tradiciones y el compromiso de la universidad con la cultura y la<br>herencia mexicanas.<br>En esta emotiva fecha, las escuelas, facultades y unidades acad\u00e9micas de<br>la UAT en todas sus sedes en el estado, se vistieron de colores, aromas y sabores<br>tradicionales para honrar a los seres queridos que han fallecido, mediante altares<br>que reflejaron la diversidad cultural y la creatividad de los miembros de la<br>comunidad universitaria.<br>El rector Guillermo Mendoza Cavazos, acompa\u00f1ado de su esposa C.P.<br>Imelda Sustaita Salazar, comparti\u00f3 la emotiva celebraci\u00f3n durante un recorrido por<br>los altares colocados en las dependencias acad\u00e9micas del campus Victoria, donde<br>constat\u00f3 que la entusiasta participaci\u00f3n de la comunidad estudiantil demuestra<br>que la UAT es un lugar donde la academia y la cultura convergen para enriquecer<br>la vida universitaria y las m\u00e1s genuinas tradiciones de la sociedad.<br>Cada dependencia acad\u00e9mica de la UAT organiz\u00f3 programas en donde<br>estudiantes, docentes y personal administrativo particip\u00f3 en el dise\u00f1o de su propio<br>altar, utilizando elementos caracter\u00edsticos de la festividad, como calaveras de<br>az\u00facar, cempas\u00fachil, veladoras y fotograf\u00edas de personas fallecidas.<br>Adem\u00e1s de los altares, se desarrollaron actividades que incluyeron<br>exposiciones del D\u00eda de los Muertos, concursos de calaveritas literarias y desfiles <\/p>\n\n\n\n<p>de catrinas y catrines, que llenaron de alegr\u00eda y color los espacios universitarios y<br>las calles de los municipios donde se encuentra la UAT.<br>La celebraci\u00f3n del D\u00eda de los Muertos en la UAT refleja el compromiso de la<br>instituci\u00f3n con la cultura y la educaci\u00f3n, promoviendo el respeto por las tradiciones<br>mexicanas, fomentando un sentido de comunidad entre sus miembros.<\/p>\n","protected":false},"excerpt":{"rendered":"<p>Ciudad Victoria, Tam.; 1 de noviembre de 2023. Celebra UAT en todos sus campus las&#8230;<\/p>\n","protected":false},"author":1,"featured_media":721,"comment_status":"open","ping_status":"open","sticky":false,"template":"","format":"standard","meta":{"footnotes":""},"categories":[4],"tags":[],"class_list":["post-720","post","type-post","status-publish","format-standard","has-post-thumbnail","hentry","category-educacion"],"_links":{"self":[{"href":"https:\/\/noticierotamaulipeco.info\/index.php?rest_route=\/wp\/v2\/posts\/720","targetHints":{"allow":["GET"]}}],"collection":[{"href":"https:\/\/noticierotamaulipeco.info\/index.php?rest_route=\/wp\/v2\/posts"}],"about":[{"href":"https:\/\/noticierotamaulipeco.info\/index.php?rest_route=\/wp\/v2\/types\/post"}],"author":[{"embeddable":true,"href":"https:\/\/noticierotamaulipeco.info\/index.php?rest_route=\/wp\/v2\/users\/1"}],"replies":[{"embeddable":true,"href":"https:\/\/noticierotamaulipeco.info\/index.php?rest_route=%2Fwp%2Fv2%2Fcomments&post=720"}],"version-history":[{"count":1,"href":"https:\/\/noticierotamaulipeco.info\/index.php?rest_route=\/wp\/v2\/posts\/720\/revisions"}],"predecessor-version":[{"id":723,"href":"https:\/\/noticierotamaulipeco.info\/index.php?rest_route=\/wp\/v2\/posts\/720\/revisions\/723"}],"wp:featuredmedia":[{"embeddable":true,"href":"https:\/\/noticierotamaulipeco.info\/index.php?rest_route=\/wp\/v2\/media\/721"}],"wp:attachment":[{"href":"https:\/\/noticierotamaulipeco.info\/index.php?rest_route=%2Fwp%2Fv2%2Fmedia&parent=720"}],"wp:term":[{"taxonomy":"category","embeddable":true,"href":"https:\/\/noticierotamaulipeco.info\/index.php?rest_route=%2Fwp%2Fv2%2Fcategories&post=720"},{"taxonomy":"post_tag","embeddable":true,"href":"https:\/\/noticierotamaulipeco.info\/index.php?rest_route=%2Fwp%2Fv2%2Ftags&post=720"}],"curies":[{"name":"wp","href":"https:\/\/api.w.org\/{rel}","templated":true}]}}