{"id":7251,"date":"2025-12-23T15:31:57","date_gmt":"2025-12-23T15:31:57","guid":{"rendered":"https:\/\/noticierotamaulipeco.info\/?p=7251"},"modified":"2026-01-07T15:37:35","modified_gmt":"2026-01-07T15:37:35","slug":"suspension-obliga-a-devolver-predio-al-refugio-franciscano-fundacion-hagenbeck-esta-en-desacato-acusa-abogado","status":"publish","type":"post","link":"https:\/\/noticierotamaulipeco.info\/?p=7251","title":{"rendered":"Suspensi\u00f3n obliga a devolver predio al Refugio Franciscano; Fundaci\u00f3n Hagenbeck est\u00e1 en desacato, acusa abogado"},"content":{"rendered":"\n<p>23 Diciembre, 2025<\/p>\n\n\n\n<p>En un nuevo cap\u00edtulo de la disputa legal&nbsp;<strong>entre Refugio Franciscano y la Fundaci\u00f3n Antonio Hagenbeck y de la Lama,<\/strong>&nbsp;por un predio ubicado en Cuajimalpa, Ciudad de M\u00e9xico, el abogado Fernando P\u00e9rez-Correa inform\u00f3 que un tribunal colegiado&nbsp;<strong>otorg\u00f3 una suspensi\u00f3n<\/strong>&nbsp;que ordena la devoluci\u00f3n del inmueble a los franciscanos.<\/p>\n\n\n\n<p>Durante una entrevista para&nbsp;<em>Aristegui Noticias<\/em>, el litigante denunci\u00f3 el incumplimiento de la resoluci\u00f3n por parte de la Fundaci\u00f3n Hagenbeck,&nbsp;<strong>lo cual podr\u00eda tener consecuencias penales<\/strong>&nbsp;as\u00ed como la aparente<strong>&nbsp;presencia de grupos de choque<\/strong>&nbsp;en las inmediaciones del refugio.<\/p>\n\n\n\n<p>Perez-Correa detall\u00f3 que la resoluci\u00f3n<strong>&nbsp;fue emitida el pasado viernes 19 de diciembre por el Cuarto Tribunal Colegiado en Materia Civil de la Ciudad de M\u00e9xico.<\/strong>\u201cEsa suspensi\u00f3n de amparo ordena que nos entreguen la posesi\u00f3n inmediata del inmueble\u201d, afirm\u00f3.<\/p>\n\n\n\n<p>El predio en disputa, ocupado anteriormente por Refugio Franciscano, se mantiene bajo control de la Fundaci\u00f3n Hagenbeck luego&nbsp;<strong>de la sentencia emitida por el Juzgado Sexag\u00e9simo de lo Civil de la Ciudad de M\u00e9xico<\/strong>, con fecha del 8 de diciembre de 2025, la cual todav\u00eda puede ser impugnada.<\/p>\n\n\n\n<p>Refugio Franciscano&nbsp;<strong>present\u00f3 un recurso de queja contra el desalojo,<\/strong>&nbsp;tras lo cual consigui\u00f3 una suspensi\u00f3n provisional que ordena la restituci\u00f3n inmediata de la posesi\u00f3n del lugar.<\/p>\n\n\n\n<p>A pesar de la orden judicial, el representante legal se\u00f1al\u00f3 que la directora de la Fundaci\u00f3n, Carmen Rivero,&nbsp;<strong>no ha acatado el mandato.&nbsp;<\/strong><\/p>\n\n\n\n<p>Por su parte, la Fundaci\u00f3n Hagenbeck asegur\u00f3 que la suspensi\u00f3n no puede ser ejecutada&nbsp;<strong>\u201cpues ello corresponde \u00fanica y exclusivamente al Juzgado de Origen<\/strong>, es decir, el Juzgado 60 del Tribunal Superior de Justicia de la Ciudad de M\u00e9xico y este est\u00e1 en receso decembrino\u201d.<\/p>\n\n\n\n<p>Consultada por este reportero, la Fundaci\u00f3n expres\u00f3: \u201cLo que ellos ganaron fue para \u2018<strong>que se liberaran a los 5 trabajadores\u2019,\u00a0<\/strong>los cuales nunca existieron y la persona que estaba en el predio la noche de la diligencia, sali\u00f3 por su propio pie\u201d.<\/p>\n\n\n\n<p><strong>La suspensi\u00f3n provisional<\/strong>, consultada por este medio, especifica: \u201cAntes de dar respuesta a los agravios que esgrimen las recurrentes, es necesario puntualizar que<strong>\u00a0no es materia del presente recurso<\/strong>\u00a0la concesi\u00f3n de la suspensi\u00f3n provisional\u00a0<strong>respecto a la liberaci\u00f3n de las personas que quedaron encerradas en el inmueble materia de controversia,<\/strong>\u00a0por lo que dicha determinaci\u00f3n queda intocada\u201d.<\/p>\n\n\n\n<p>La decisi\u00f3n principal del tribunal, tal como consta en el recurso de queja, fue conceder la suspensi\u00f3n provisional a las quejosas para el efecto de<strong>&nbsp;restituirlas de inmediato en la posesi\u00f3n de la fracci\u00f3n del inmueble<\/strong>&nbsp;ubicado en la Carretera M\u00e9xico-Toluca, Km. 17.5, en la alcald\u00eda Cuajimalpa.<\/p>\n\n\n\n<p>El abogado de Refugio Franciscano&nbsp;<strong>tambi\u00e9n neg\u00f3 que la sentencia del tribunal dependa del juzgado de origen<\/strong>, pues, dijo, ya se notific\u00f3 formalmente a todas las instancias involucradas para que ejecuten la orden.<\/p>\n\n\n\n<h2 class=\"wp-block-heading\">Discrepa conteo de perros<\/h2>\n\n\n\n<p>Refugio Franciscano cuestion\u00f3&nbsp;&nbsp;<strong>la integridad de los animales que se encontraban en las instalaciones<\/strong>&nbsp;al momento del desalojo, el cual calificaron como \u201cilegal\u201d.<\/p>\n\n\n\n<p>P\u00e9rez-Correa denunci\u00f3 una<strong>&nbsp;inconsistencia de m\u00e1s de 300 perros<\/strong>&nbsp;y 11 gatos tras el operativo. Seg\u00fan un censo del Refugio, contaban 1,095 perros, cifra que respaldan con certificados de vacunaci\u00f3n antirr\u00e1bica. Por otro lado, acusan que&nbsp;<strong>la Fundaci\u00f3n solo cont\u00f3 759<\/strong>&nbsp;canes al tomar control del predio.<\/p>\n\n\n\n<p>\u201cNosotros<strong>&nbsp;tenemos 1,095 vacunas aplicadas y tenemos las constancias.<\/strong>.. Ellos dicen que tienen 759 perros. Pues yo quiero saber&nbsp;<strong>d\u00f3nde est\u00e1n m\u00e1s de 300 perros que est\u00e1n faltando<\/strong>\u201c, cuestion\u00f3 el jurista.<\/p>\n\n\n\n<p>Ante los videos e im\u00e1genes difundidas por la Fundaci\u00f3n en las que se ve<strong>&nbsp;a los perros bajo resguardo de los franciscanos en malas condiciones,<\/strong>&nbsp;el abogado P\u00e9rez-Correa expres\u00f3 que el refugio recib\u00eda a los animales en esas condiciones, pues su misi\u00f3n era<strong>&nbsp;recibir a los m\u00e1s abandonados y enfermos,&nbsp;<\/strong>aquellos que nadie quer\u00eda rescatar o adoptar.<\/p>\n\n\n\n<p>\u201cAceptamos todos los perros, todos\u2026 \u00bfQu\u00e9 perros van ah\u00ed?&nbsp;<strong>Los peores, los m\u00e1s maltratados, los m\u00e1s abandonados,&nbsp;<\/strong>los que est\u00e1n atropellados, los que est\u00e1n moribundos, los que tienen c\u00e1ncer, los que est\u00e1n en edad avanzada\u201d, se\u00f1al\u00f3.<\/p>\n\n\n\n<p>El abogado admiti\u00f3 que<strong>&nbsp;los canes com\u00edan una mezcla de comida para perro con pan y agua<\/strong>&nbsp;por razones econ\u00f3micas, pero neg\u00f3 que esto se diera a los m\u00e1s enfermos o que solo se les proporcionaran agua y pan como se\u00f1ala la Fundaci\u00f3n.<\/p>\n\n\n\n<p>El litigante sostuvo que la ra\u00edz del conflicto&nbsp;<strong>reside en la violaci\u00f3n de la voluntad del fundador<\/strong>, don Antonio Hagenbeck, quien en su testamento estipul\u00f3&nbsp;<strong>que el predio deb\u00eda destinarse exclusivamente al cuidado de animales<\/strong>. Seg\u00fan P\u00e9rez-Correa, la actual administraci\u00f3n de la Fundaci\u00f3n ha modificado el uso de suelo para permitir&nbsp;<strong>la construcci\u00f3n de oficinas y viviendas.<\/strong><\/p>\n\n\n\n<p>Finalmente, el abogado dijo que<strong>&nbsp;los franciscanos est\u00e1n dispuestos a reunirse con la Fundaci\u00f3n<\/strong>&nbsp;para encontrar una soluci\u00f3n favorable para los perros.<\/p>\n\n\n\n<p><\/p>\n","protected":false},"excerpt":{"rendered":"<p>23 Diciembre, 2025 En un nuevo cap\u00edtulo de la disputa legal&nbsp;entre Refugio Franciscano y la&#8230;<\/p>\n","protected":false},"author":1,"featured_media":7252,"comment_status":"open","ping_status":"open","sticky":false,"template":"","format":"standard","meta":{"footnotes":""},"categories":[3],"tags":[],"class_list":["post-7251","post","type-post","status-publish","format-standard","has-post-thumbnail","hentry","category-mexico"],"_links":{"self":[{"href":"https:\/\/noticierotamaulipeco.info\/index.php?rest_route=\/wp\/v2\/posts\/7251","targetHints":{"allow":["GET"]}}],"collection":[{"href":"https:\/\/noticierotamaulipeco.info\/index.php?rest_route=\/wp\/v2\/posts"}],"about":[{"href":"https:\/\/noticierotamaulipeco.info\/index.php?rest_route=\/wp\/v2\/types\/post"}],"author":[{"embeddable":true,"href":"https:\/\/noticierotamaulipeco.info\/index.php?rest_route=\/wp\/v2\/users\/1"}],"replies":[{"embeddable":true,"href":"https:\/\/noticierotamaulipeco.info\/index.php?rest_route=%2Fwp%2Fv2%2Fcomments&post=7251"}],"version-history":[{"count":1,"href":"https:\/\/noticierotamaulipeco.info\/index.php?rest_route=\/wp\/v2\/posts\/7251\/revisions"}],"predecessor-version":[{"id":7253,"href":"https:\/\/noticierotamaulipeco.info\/index.php?rest_route=\/wp\/v2\/posts\/7251\/revisions\/7253"}],"wp:featuredmedia":[{"embeddable":true,"href":"https:\/\/noticierotamaulipeco.info\/index.php?rest_route=\/wp\/v2\/media\/7252"}],"wp:attachment":[{"href":"https:\/\/noticierotamaulipeco.info\/index.php?rest_route=%2Fwp%2Fv2%2Fmedia&parent=7251"}],"wp:term":[{"taxonomy":"category","embeddable":true,"href":"https:\/\/noticierotamaulipeco.info\/index.php?rest_route=%2Fwp%2Fv2%2Fcategories&post=7251"},{"taxonomy":"post_tag","embeddable":true,"href":"https:\/\/noticierotamaulipeco.info\/index.php?rest_route=%2Fwp%2Fv2%2Ftags&post=7251"}],"curies":[{"name":"wp","href":"https:\/\/api.w.org\/{rel}","templated":true}]}}