{"id":7344,"date":"2026-01-15T15:23:06","date_gmt":"2026-01-15T15:23:06","guid":{"rendered":"https:\/\/noticierotamaulipeco.info\/?p=7344"},"modified":"2026-01-16T15:28:20","modified_gmt":"2026-01-16T15:28:20","slug":"trump-dice-que-maria-corina-machado-le-obsequio-su-premio-nobel-de-la-paz","status":"publish","type":"post","link":"https:\/\/noticierotamaulipeco.info\/?p=7344","title":{"rendered":"Trump dice que Mar\u00eda Corina Machado le \u201cobsequi\u00f3\u201d su Premio Nobel de la Paz"},"content":{"rendered":"\n<p>15 Enero, 2026<\/p>\n\n\n\n<p>El presidente de&nbsp;<strong>EE.UU., Donald Trump<\/strong>, asegur\u00f3 este jueves que la l\u00edder de oposici\u00f3n venezolana,&nbsp;<strong>Mar\u00eda Corina Machado<\/strong>, le \u201cobsequi\u00f3\u201d la medalla que representa su&nbsp;<strong>Premio Nobel de la Paz<\/strong>&nbsp;en el transcurso de su reuni\u00f3n privada en la&nbsp;<strong>Casa Blanca<\/strong>.<\/p>\n\n\n\n<p><strong>Trump,<\/strong>&nbsp;en una publicaci\u00f3n de su cuenta oficial de Truth Social, dijo que fue \u201cun gran honor\u201d conocer a&nbsp;<strong>Machado<\/strong>&nbsp;y que le \u201cobsequi\u00f3\u201d la&nbsp;<strong>insignia de del premio<\/strong>&nbsp;debido al \u201ctrabajo\u201d que ha realizado durante su gesti\u00f3n.<\/p>\n\n\n\n<p>El mandatario agreg\u00f3 que&nbsp;<strong>Machado<\/strong>&nbsp;es \u201cuna mujer maravillosa que ha pasado por much\u00edsimo\u201d y que la entrega del&nbsp;<strong>Nobel<\/strong>&nbsp;es un \u201cgesto maravilloso de respeto mutuo\u201d.<\/p>\n\n\n\n<p><strong>Machado<\/strong>&nbsp;hab\u00eda adelantado que ofreci\u00f3 a&nbsp;<strong>Trump<\/strong>&nbsp;la&nbsp;<strong>medalla del Nobel de la Paz<\/strong>&nbsp;durante su primer encuentro en Washington, 12 d\u00edas despu\u00e9s de que las fuerzas militares estadounidenses ejecutaran una misi\u00f3n en&nbsp;<strong>Caracas<\/strong>&nbsp;para capturar al presidente,&nbsp;<strong>Nicol\u00e1s Maduro<\/strong>, quien se encuentra en una c\u00e1rcel en&nbsp;<strong>Nueva York<\/strong>&nbsp;acusado de narcotr\u00e1fico.<\/p>\n\n\n\n<p>Previo a que el mandatario se reuniera con&nbsp;<strong>Machado,<\/strong>&nbsp;la organizaci\u00f3n del&nbsp;<strong>Nobel<\/strong>&nbsp;hab\u00eda publicado en su cuenta de X que el premio no es transferible.<\/p>\n\n\n\n<p>Pese al encuentro entre la l\u00edder opositora y&nbsp;<strong>Trump,<\/strong>&nbsp;la Administraci\u00f3n republicana insisti\u00f3 este jueves en que el ejecutivo venezolano dirigido actualmente por&nbsp;<strong>Delcy Rodr\u00edguez<\/strong>&nbsp;est\u00e1 haciendo un buen trabajo cumpliendo con las exigencias de&nbsp;<strong>Washington,<\/strong>&nbsp;destacando el tema petrolero.<\/p>\n\n\n\n<p><\/p>\n","protected":false},"excerpt":{"rendered":"<p>15 Enero, 2026 El presidente de&nbsp;EE.UU., Donald Trump, asegur\u00f3 este jueves que la l\u00edder de&#8230;<\/p>\n","protected":false},"author":1,"featured_media":7345,"comment_status":"open","ping_status":"open","sticky":false,"template":"","format":"standard","meta":{"footnotes":""},"categories":[5],"tags":[],"class_list":["post-7344","post","type-post","status-publish","format-standard","has-post-thumbnail","hentry","category-internacional"],"_links":{"self":[{"href":"https:\/\/noticierotamaulipeco.info\/index.php?rest_route=\/wp\/v2\/posts\/7344","targetHints":{"allow":["GET"]}}],"collection":[{"href":"https:\/\/noticierotamaulipeco.info\/index.php?rest_route=\/wp\/v2\/posts"}],"about":[{"href":"https:\/\/noticierotamaulipeco.info\/index.php?rest_route=\/wp\/v2\/types\/post"}],"author":[{"embeddable":true,"href":"https:\/\/noticierotamaulipeco.info\/index.php?rest_route=\/wp\/v2\/users\/1"}],"replies":[{"embeddable":true,"href":"https:\/\/noticierotamaulipeco.info\/index.php?rest_route=%2Fwp%2Fv2%2Fcomments&post=7344"}],"version-history":[{"count":1,"href":"https:\/\/noticierotamaulipeco.info\/index.php?rest_route=\/wp\/v2\/posts\/7344\/revisions"}],"predecessor-version":[{"id":7346,"href":"https:\/\/noticierotamaulipeco.info\/index.php?rest_route=\/wp\/v2\/posts\/7344\/revisions\/7346"}],"wp:featuredmedia":[{"embeddable":true,"href":"https:\/\/noticierotamaulipeco.info\/index.php?rest_route=\/wp\/v2\/media\/7345"}],"wp:attachment":[{"href":"https:\/\/noticierotamaulipeco.info\/index.php?rest_route=%2Fwp%2Fv2%2Fmedia&parent=7344"}],"wp:term":[{"taxonomy":"category","embeddable":true,"href":"https:\/\/noticierotamaulipeco.info\/index.php?rest_route=%2Fwp%2Fv2%2Fcategories&post=7344"},{"taxonomy":"post_tag","embeddable":true,"href":"https:\/\/noticierotamaulipeco.info\/index.php?rest_route=%2Fwp%2Fv2%2Ftags&post=7344"}],"curies":[{"name":"wp","href":"https:\/\/api.w.org\/{rel}","templated":true}]}}