{"id":737,"date":"2023-11-04T00:45:00","date_gmt":"2023-11-04T00:45:00","guid":{"rendered":"https:\/\/noticierotamaulipeco.info\/?p=737"},"modified":"2023-11-04T06:01:16","modified_gmt":"2023-11-04T06:01:16","slug":"salinas-pliego-se-lanza-contra-amlo-y-advierte-me-defendere-para-evitar-pagar-impuestos","status":"publish","type":"post","link":"https:\/\/noticierotamaulipeco.info\/?p=737","title":{"rendered":"Salinas Pliego se lanza contra AMLO y advierte: Me defender\u00e9 para evitar pagar impuestos"},"content":{"rendered":"\n<p><strong>En el video de 6 minutos, Salinas Pliego asever\u00f3 que los litigios de sus empresas contra el SAT son \u201clargos y a\u00f1ejos\u201d y \u201cnada tienen que ver con la tragedia de Acapulco\u201d.<\/strong><\/p>\n\n\n\n<figure class=\"wp-block-image size-full\"><img loading=\"lazy\" decoding=\"async\" width=\"685\" height=\"385\" src=\"https:\/\/noticierotamaulipeco.info\/wp-content\/uploads\/2023\/11\/f685x385-186197_223890_5050.webp\" alt=\"\" class=\"wp-image-738\" srcset=\"https:\/\/noticierotamaulipeco.info\/wp-content\/uploads\/2023\/11\/f685x385-186197_223890_5050.webp 685w, https:\/\/noticierotamaulipeco.info\/wp-content\/uploads\/2023\/11\/f685x385-186197_223890_5050-300x169.webp 300w\" sizes=\"auto, (max-width: 685px) 100vw, 685px\" \/><\/figure>\n\n\n\n<p>CIUDAD DE M\u00c9XICO (apro).- El multimillonario Ricardo Salinas Pliego revir\u00f3 hoy al presidente Andr\u00e9s Manuel L\u00f3pez Obrador que los litigios fiscales de sus empresas son \u201ca\u00f1ejos\u201d y que usar\u00e1 \u201ctodos los medios legales\u201d para defenderse del pago de impuestos;&nbsp; al mismo tiempo, pidi\u00f3 al mandatario que deje de atacar al Poder Judicial y de polarizar \u201ca diario\u201d, promoviendo \u201cel resentimiento y la falta de respeto al trabajo\u201d.<\/p>\n\n\n\n<p>Salinas Pliego se quej\u00f3 p\u00fablicamente de los \u201cataques\u201d del mandatario contra los ministros de la Suprema Corte de Justicia de la Naci\u00f3n (SCJN), y conden\u00f3 \u201cla violencia verbal y los se\u00f1alamientos de corrupci\u00f3n sin pruebas\u201d del mandatario contra el ministro Luis Mar\u00eda Aguilar, quien deb\u00eda analizar amparos de Grupo Salinas contra cr\u00e9ditos fiscales.<\/p>\n\n\n\n<p>Estos ataques, abund\u00f3 Salinas Pliego, \u201cson una presi\u00f3n indebida en contra del ministro y en contra de nuestro derecho a contar con un proceso de justicia imparcial\u201d, y agreg\u00f3: \u201cPor mi parte, usar\u00e9 todos los medios legales para defenderme. Es derecho de todos frente al abuso del poder\u201d.<\/p>\n\n\n\n<p>En un mensaje que difundi\u00f3 en la tarde de este viernes a trav\u00e9s de sus redes sociales, el due\u00f1o de Grupo Salinas respondi\u00f3 con \u201cprecisi\u00f3n y correcci\u00f3n\u201d a los se\u00f1alamientos del mandatario, quien asever\u00f3 hoy&nbsp;que la cobertura cr\u00edtica de TV Azteca sobre las acciones de su gobierno en la atenci\u00f3n de los estragos causados por el hurac\u00e1n Otis en Guerrero forma parte de una campa\u00f1a por los m\u00e1s de 35 mil millones de impuestos que el Servicio de Administraci\u00f3n Tributaria (SAT) reclama a sus empresas.<\/p>\n\n\n\n<p>En el video de 6 minutos, Salinas Pliego asever\u00f3 que los litigios de sus empresas contra el SAT son \u201clargos y a\u00f1ejos\u201d y \u201cnada tienen que ver con la tragedia de Acapulco\u201d. Acto seguido, defendi\u00f3 la cobertura informativa de TV Azteca sobre Otis, y resalt\u00f3 que \u201cmostrar la verdad no le gusta al poder\u201d.<\/p>\n\n\n\n<p>\u201cEl presidente y su gobierno no son las v\u00edctimas: las v\u00edctimas reales de Otis est\u00e1n en Guerrero. El presidente se dice v\u00edctima y utiliza una herramienta pol\u00edtica para desviar la atenci\u00f3n del verdadero problema. Es \u00e9l que utiliza nuestra cobertura informativa con prop\u00f3sitos electoreros\u201d, dijo el multimillonario, quien tuvo una relaci\u00f3n cercana con L\u00f3pez Obrador en el inicio del sexenio, que se fue alejando en los \u00faltimos meses.<\/p>\n\n\n\n<p>Ricardo Salinas Pliego aprovech\u00f3 su mensaje para lanzar una cr\u00edtica a L\u00f3pez Obrador y \u201csu gente alrededor\u201d \u2013suele despotricar en redes sociales contra la c\u00fapula de Morena y del gobierno federal&#8211;, a quienes acus\u00f3 de promover polarizaci\u00f3n \u201ca diario\u201d y el \u201cresentimiento\u201d, y les pidi\u00f3 \u201crevisar y aceptar sus errores\u201d.<\/p>\n\n\n\n<p>Despu\u00e9s de criticar al mandatario \u2013aunque precisando que \u201cyo siempre he sido respetuoso de la investidura presidencial&#8211; el multimillonario lanz\u00f3 un mensaje conciliador: \u201cconf\u00edo en que, como siempre lo hemos hecho, respetando nuestras diferencias y privilegiando el di\u00e1logo, el presidente y yo sigamos encontrando la forma de hablar y de encontrar puntos en com\u00fan a favor de M\u00e9xico y su gente\u201d.<\/p>\n\n\n\n<p>En su mensaje, Ricardo Salinas Pliego defendi\u00f3 la libertad como herramienta \u201cm\u00e1s poderosa\u201d para \u201csalir adelante\u201d, y puso especial \u00e9nfasis en \u201cla m\u00e1s preciada\u201d, que \u201ces la libertad de expresi\u00f3n, pues de ella partimos para construir una mejor sociedad\u201d. Sin embargo, en septiembre de 2019, el magnate demand\u00f3 a Proceso y tres de sus trabajadores por \u201cda\u00f1o moral\u201d, en represalias a un reportaje que mostraba su participaci\u00f3n en el fraude cometido en la compraventa de Grupo Fertinal en el sexenio de Enrique Pe\u00f1a Nieto.<\/p>\n","protected":false},"excerpt":{"rendered":"<p>En el video de 6 minutos, Salinas Pliego asever\u00f3 que los litigios de sus empresas&#8230;<\/p>\n","protected":false},"author":1,"featured_media":738,"comment_status":"open","ping_status":"open","sticky":false,"template":"","format":"standard","meta":{"footnotes":""},"categories":[3],"tags":[],"class_list":["post-737","post","type-post","status-publish","format-standard","has-post-thumbnail","hentry","category-mexico"],"_links":{"self":[{"href":"https:\/\/noticierotamaulipeco.info\/index.php?rest_route=\/wp\/v2\/posts\/737","targetHints":{"allow":["GET"]}}],"collection":[{"href":"https:\/\/noticierotamaulipeco.info\/index.php?rest_route=\/wp\/v2\/posts"}],"about":[{"href":"https:\/\/noticierotamaulipeco.info\/index.php?rest_route=\/wp\/v2\/types\/post"}],"author":[{"embeddable":true,"href":"https:\/\/noticierotamaulipeco.info\/index.php?rest_route=\/wp\/v2\/users\/1"}],"replies":[{"embeddable":true,"href":"https:\/\/noticierotamaulipeco.info\/index.php?rest_route=%2Fwp%2Fv2%2Fcomments&post=737"}],"version-history":[{"count":1,"href":"https:\/\/noticierotamaulipeco.info\/index.php?rest_route=\/wp\/v2\/posts\/737\/revisions"}],"predecessor-version":[{"id":739,"href":"https:\/\/noticierotamaulipeco.info\/index.php?rest_route=\/wp\/v2\/posts\/737\/revisions\/739"}],"wp:featuredmedia":[{"embeddable":true,"href":"https:\/\/noticierotamaulipeco.info\/index.php?rest_route=\/wp\/v2\/media\/738"}],"wp:attachment":[{"href":"https:\/\/noticierotamaulipeco.info\/index.php?rest_route=%2Fwp%2Fv2%2Fmedia&parent=737"}],"wp:term":[{"taxonomy":"category","embeddable":true,"href":"https:\/\/noticierotamaulipeco.info\/index.php?rest_route=%2Fwp%2Fv2%2Fcategories&post=737"},{"taxonomy":"post_tag","embeddable":true,"href":"https:\/\/noticierotamaulipeco.info\/index.php?rest_route=%2Fwp%2Fv2%2Ftags&post=737"}],"curies":[{"name":"wp","href":"https:\/\/api.w.org\/{rel}","templated":true}]}}