{"id":7391,"date":"2026-01-21T17:00:19","date_gmt":"2026-01-21T17:00:19","guid":{"rendered":"https:\/\/noticierotamaulipeco.info\/?p=7391"},"modified":"2026-01-21T17:00:20","modified_gmt":"2026-01-21T17:00:20","slug":"nayarit-periodista-denuncia-intimidacion-de-agentes-de-la-fiscalia","status":"publish","type":"post","link":"https:\/\/noticierotamaulipeco.info\/?p=7391","title":{"rendered":"Nayarit | Periodista denuncia intimidaci\u00f3n de agentes de la Fiscal\u00eda"},"content":{"rendered":"\n<p>21 Enero, 2026<\/p>\n\n\n\n<p>El fotoperiodista nayarita Hugo J. Cervantes denunci\u00f3 que&nbsp;<strong>fue intimidado por un elemento de la Fiscal\u00eda<\/strong>&nbsp;<strong>General del Estado de Nayarit<\/strong>&nbsp;mientras realizaba la cobertura de un suceso polic\u00edaco en el poblado de Mora, municipio de Tepic.<\/p>\n\n\n\n<p>El comunicador relat\u00f3 en sus redes sociales que el&nbsp;<strong>agente sali\u00f3 del \u00e1rea acordonada<\/strong>&nbsp;y camin\u00f3 aproximadamente 50 metros hasta el sitio donde se encontraba con otros reporteros.<\/p>\n\n\n\n<p>Cervantes, mencion\u00f3 que el elemento portaba chaleco antibalas, arma de cargo y<strong>&nbsp;un rifle en el pecho<\/strong>.<\/p>\n\n\n\n<p>Asimismo, explic\u00f3 que el oficial se dirigi\u00f3 directamente a \u00e9l y le mostr\u00f3 en su tel\u00e9fono celular una fotograf\u00eda\u00a0<strong>publicada el 15 de enero de 2026<\/strong>\u00a0por Nayar Foto, agencia period\u00edstica que Cervantes dirige.<\/p>\n\n\n\n<p>El periodista refiri\u00f3 que la imagen forma parte de un fotoreportaje sobre un hecho de\u00a0<strong>privaci\u00f3n ilegal de la libertad.<\/strong><\/p>\n\n\n\n<p>De acuerdo con su se\u00f1alamiento,&nbsp;<strong>el agente cuestion\u00f3 por qu\u00e9 tom\u00f3 y public\u00f3<\/strong>&nbsp;la fotograf\u00eda, as\u00ed como la aparici\u00f3n de rostros de elementos de la Fiscal\u00eda y su relaci\u00f3n con los hechos documentados.<\/p>\n\n\n\n<p>El comunicador dijo que intent\u00f3 explicar su trabajo fotoperiod\u00edstico al polic\u00eda, y le expuso que todo<strong>&nbsp;lo que integra una escena aporta informaci\u00f3n<\/strong>, contexto y permite comprender lo ocurrido.<\/p>\n\n\n\n<p>Sin embargo, el elemento mantuvo una actitud autoritaria e&nbsp;<strong>intent\u00f3 indicarle c\u00f3mo deb\u00eda realizar su labor<\/strong>.<\/p>\n\n\n\n<p>Cervantes agreg\u00f3 que el agente insinu\u00f3 que la publicaci\u00f3n de la imagen tuvo una&nbsp;<strong>intenci\u00f3n dolosa en contra de quienes aparecen en ella<\/strong>, aun cuando el propio elemento que lo confront\u00f3 no aparece en la fotograf\u00eda.<\/p>\n\n\n\n<p>Durante el intercambio, el oficial afirm\u00f3&nbsp;<strong>que no estaba obligado a identificarse<\/strong>&nbsp;ante civiles ni a informar a qu\u00e9 corporaci\u00f3n pertenec\u00eda.<\/p>\n\n\n\n<p>El fotoperiodista le record\u00f3 que esta afirmaci\u00f3n es incorrecta, al tratarse de un\u00a0<strong>servidor p\u00fablico,\u00a0<\/strong>y se\u00f1al\u00f3 que documentar actos de autoridad en espacios p\u00fablicos no constituye delito.<\/p>\n\n\n\n<p>Cervantes afirm\u00f3 que su trabajo se ha caracterizado por el ejercicio\u00a0<strong>profesional, respetuoso y responsable<\/strong>\u00a0del periodismo, sin \u00e1nimo de ofender o agredir.<\/p>\n\n\n\n<p>Finalmente, resalt\u00f3 que su labor y la de Nayar Foto tienen como objetivo\u00a0<strong>garantizar el derecho de la sociedad a estar informada<\/strong>, y exigi\u00f3 respeto al ejercicio period\u00edstico, as\u00ed como el cese de pr\u00e1cticas de intimidaci\u00f3n contra la prensa.<\/p>\n\n\n\n<p><\/p>\n","protected":false},"excerpt":{"rendered":"<p>21 Enero, 2026 El fotoperiodista nayarita Hugo J. Cervantes denunci\u00f3 que&nbsp;fue intimidado por un elemento&#8230;<\/p>\n","protected":false},"author":1,"featured_media":7392,"comment_status":"open","ping_status":"open","sticky":false,"template":"","format":"standard","meta":{"footnotes":""},"categories":[3],"tags":[],"class_list":["post-7391","post","type-post","status-publish","format-standard","has-post-thumbnail","hentry","category-mexico"],"_links":{"self":[{"href":"https:\/\/noticierotamaulipeco.info\/index.php?rest_route=\/wp\/v2\/posts\/7391","targetHints":{"allow":["GET"]}}],"collection":[{"href":"https:\/\/noticierotamaulipeco.info\/index.php?rest_route=\/wp\/v2\/posts"}],"about":[{"href":"https:\/\/noticierotamaulipeco.info\/index.php?rest_route=\/wp\/v2\/types\/post"}],"author":[{"embeddable":true,"href":"https:\/\/noticierotamaulipeco.info\/index.php?rest_route=\/wp\/v2\/users\/1"}],"replies":[{"embeddable":true,"href":"https:\/\/noticierotamaulipeco.info\/index.php?rest_route=%2Fwp%2Fv2%2Fcomments&post=7391"}],"version-history":[{"count":1,"href":"https:\/\/noticierotamaulipeco.info\/index.php?rest_route=\/wp\/v2\/posts\/7391\/revisions"}],"predecessor-version":[{"id":7393,"href":"https:\/\/noticierotamaulipeco.info\/index.php?rest_route=\/wp\/v2\/posts\/7391\/revisions\/7393"}],"wp:featuredmedia":[{"embeddable":true,"href":"https:\/\/noticierotamaulipeco.info\/index.php?rest_route=\/wp\/v2\/media\/7392"}],"wp:attachment":[{"href":"https:\/\/noticierotamaulipeco.info\/index.php?rest_route=%2Fwp%2Fv2%2Fmedia&parent=7391"}],"wp:term":[{"taxonomy":"category","embeddable":true,"href":"https:\/\/noticierotamaulipeco.info\/index.php?rest_route=%2Fwp%2Fv2%2Fcategories&post=7391"},{"taxonomy":"post_tag","embeddable":true,"href":"https:\/\/noticierotamaulipeco.info\/index.php?rest_route=%2Fwp%2Fv2%2Ftags&post=7391"}],"curies":[{"name":"wp","href":"https:\/\/api.w.org\/{rel}","templated":true}]}}