{"id":7400,"date":"2026-01-21T17:11:32","date_gmt":"2026-01-21T17:11:32","guid":{"rendered":"https:\/\/noticierotamaulipeco.info\/?p=7400"},"modified":"2026-01-21T17:11:33","modified_gmt":"2026-01-21T17:11:33","slug":"con-fotos-y-canciones-moenia-va-del-futuro-al-pasado-en-temporal","status":"publish","type":"post","link":"https:\/\/noticierotamaulipeco.info\/?p=7400","title":{"rendered":"Con fotos y canciones, Moenia va del futuro al pasado en &#8220;Temporal&#8221;"},"content":{"rendered":"\n<p>21 Enero, 2026<\/p>\n\n\n\n<p><strong>Moenia<\/strong>&nbsp;ha cambiado esa invitaci\u00f3n de llevar a mirar hacia el futuro a trav\u00e9s de sus acordes musicales para ahora abordar el pasado y a nostalgia que generan los recuerdos.<\/p>\n\n\n\n<p>&#8220;Temporal&#8221; es el nuevo disco con el que<strong>&nbsp;Alfonso Pichardo, Jorge Soto, Alejandro \u201cMidi\u201d Ortega&nbsp;<\/strong>exploran la condici\u00f3n humana a trav\u00e9s de fotograf\u00edas, tarea de selecci\u00f3n que no ha sido sencilla, pues no han logrado ponerse completamente de acuerdo en las im\u00e1genes que acompa\u00f1ar\u00e1n a cada uno de los nueve temas.<\/p>\n\n\n\n<p>\u201cEs este concepto de c\u00f3mo la letra, qu\u00e9 te dice, con qu\u00e9 te conecta, qu\u00e9 te imaginas, qu\u00e9 te hace recordar, nos separamos un poquito de todo lo tecnol\u00f3gico y lo futurista de Moenia\u201d, explica Alfonso Pichardo, vocalista del grupo.<\/p>\n\n\n\n<p>El cantante comparte que mientras en su gira pasada hubo leds y gr\u00e1ficos, ahora apuestan por lo emotivo, por representar en canciones la condici\u00f3n humana.<\/p>\n\n\n\n<p>\u201cLa fotograf\u00eda juega el papel de elemento que detona la nostalgia en un tiempo en el que los videos generados con IA se han adue\u00f1ado del panorama, en el que el papel parece estar en v\u00edas de extinci\u00f3n, pero es ah\u00ed en donde Moenia quiere abrir conversaci\u00f3n\u201d, explica Alex Midi.<\/p>\n\n\n\n<p>Y es que esa vuelta al pasado que pretenden dar con sus nuevos beats se entiende con la idea de c\u00f3mo una fotograf\u00eda instant\u00e1nea vuelve a salir desde la c\u00e1mara para capturar y ver en el momento estampas valiosas de la vida, concepto que est\u00e1 presente en la portada del \u00e1lbum.<\/p>\n\n\n\n<p>\u201cSon nueve canciones que adem\u00e1s representan c\u00f3mo somos, tambi\u00e9n tiene que ver con la m\u00fasica, como fotograf\u00edas, de hecho, la portada y la contraportada son (hechas) con polaroids y es este concepto de la m\u00fasica y la fotograf\u00eda lo que nos ayuda a transmitir los que queremos\u201d, explica el cantante.<\/p>\n\n\n\n<p>Mientras, el tr\u00edo que conquist\u00f3 al mundo con \u201cMorir tres veces\u201d, \u201cManto estelar\u201d o \u201cNi t\u00fa ni nadie\u201d se prepara para mostrar la propuesta de su siguiente disco.<\/p>\n\n\n\n<p>Alfonso, Alex y Jorge ya tienen algunas fechas confirmadas para 2026 como su actuaci\u00f3n en festivales musicales como el<strong>&nbsp;Vive Latino<\/strong>&nbsp;y el<strong>&nbsp;Tecate Pal Norte<\/strong>, adem\u00e1s de otras que, aseguran, los tendr\u00e1n en los escenarios hasta finales de noviembre de este a\u00f1o.<\/p>\n\n\n\n<p><\/p>\n","protected":false},"excerpt":{"rendered":"<p>21 Enero, 2026 Moenia&nbsp;ha cambiado esa invitaci\u00f3n de llevar a mirar hacia el futuro a&#8230;<\/p>\n","protected":false},"author":1,"featured_media":7401,"comment_status":"open","ping_status":"open","sticky":false,"template":"","format":"standard","meta":{"footnotes":""},"categories":[7],"tags":[],"class_list":["post-7400","post","type-post","status-publish","format-standard","has-post-thumbnail","hentry","category-espectaculos"],"_links":{"self":[{"href":"https:\/\/noticierotamaulipeco.info\/index.php?rest_route=\/wp\/v2\/posts\/7400","targetHints":{"allow":["GET"]}}],"collection":[{"href":"https:\/\/noticierotamaulipeco.info\/index.php?rest_route=\/wp\/v2\/posts"}],"about":[{"href":"https:\/\/noticierotamaulipeco.info\/index.php?rest_route=\/wp\/v2\/types\/post"}],"author":[{"embeddable":true,"href":"https:\/\/noticierotamaulipeco.info\/index.php?rest_route=\/wp\/v2\/users\/1"}],"replies":[{"embeddable":true,"href":"https:\/\/noticierotamaulipeco.info\/index.php?rest_route=%2Fwp%2Fv2%2Fcomments&post=7400"}],"version-history":[{"count":1,"href":"https:\/\/noticierotamaulipeco.info\/index.php?rest_route=\/wp\/v2\/posts\/7400\/revisions"}],"predecessor-version":[{"id":7402,"href":"https:\/\/noticierotamaulipeco.info\/index.php?rest_route=\/wp\/v2\/posts\/7400\/revisions\/7402"}],"wp:featuredmedia":[{"embeddable":true,"href":"https:\/\/noticierotamaulipeco.info\/index.php?rest_route=\/wp\/v2\/media\/7401"}],"wp:attachment":[{"href":"https:\/\/noticierotamaulipeco.info\/index.php?rest_route=%2Fwp%2Fv2%2Fmedia&parent=7400"}],"wp:term":[{"taxonomy":"category","embeddable":true,"href":"https:\/\/noticierotamaulipeco.info\/index.php?rest_route=%2Fwp%2Fv2%2Fcategories&post=7400"},{"taxonomy":"post_tag","embeddable":true,"href":"https:\/\/noticierotamaulipeco.info\/index.php?rest_route=%2Fwp%2Fv2%2Ftags&post=7400"}],"curies":[{"name":"wp","href":"https:\/\/api.w.org\/{rel}","templated":true}]}}