{"id":7403,"date":"2026-01-21T17:17:56","date_gmt":"2026-01-21T17:17:56","guid":{"rendered":"https:\/\/noticierotamaulipeco.info\/?p=7403"},"modified":"2026-01-21T17:17:57","modified_gmt":"2026-01-21T17:17:57","slug":"para-la-piel-de-los-labios-un-balsamo-no-es-suficiente-porque-es-tan-fina-que-se-abre-enseguida","status":"publish","type":"post","link":"https:\/\/noticierotamaulipeco.info\/?p=7403","title":{"rendered":"Para la piel de los labios, un b\u00e1lsamo no es suficiente, porque es tan fina que se abre enseguida"},"content":{"rendered":"\n<p>21 Enero, 2026<\/p>\n\n\n\n<p><strong>La piel del rostro es vulnerable durante todo el a\u00f1o&nbsp;<\/strong>a las condiciones del clima. El sol en verano, la humedad en oto\u00f1o, las part\u00edculas de polen en primavera&#8230; En invierno, su reto es cuidar a los \u00f3rganos internos del fr\u00edo exterior que amenaza con&nbsp;da\u00f1ar las c\u00e9lulas con temperaturas cercanas al term\u00f3metro negativo.<\/p>\n\n\n\n<p>Xavier Batalla\u00a0es un dermat\u00f3logo que conciencia a su entorno sobre\u00a0<strong>los peligros del fr\u00edo para la piel de la cara y los labios<\/strong>. Est\u00e1 especializado en medicina regenerativa y armonizaci\u00f3n facial, y desde hace un tiempo crea contenido en redes sociales para compartir sus conocimientos sobre ello.<\/p>\n\n\n\n<p>Uno de sus v\u00eddeos recientes m\u00e1s virales responde a la cuesti\u00f3n del fr\u00edo del invierno en la piel.&nbsp;<strong>La cara es la zona m\u00e1s expuesta a este clima<\/strong>&nbsp;en invierno, junto a las manos, y es la que m\u00e1s preocupa a sus seguidores. Quieren saber&nbsp;<strong>c\u00f3mo cuidarla, protegerla y evitar futuros da\u00f1os cr\u00f3nicos<\/strong>.<\/p>\n\n\n\n<p>\u00abSi tienes los labios agrietados, la piel seca y&nbsp;<strong>en invierno notas que todo te tira m\u00e1s de lo normal<\/strong>, qu\u00e9date porque te voy a explicar qu\u00e9 hacer\u00bb, introduce el especialista. Es consciente de que estos s\u00edntomas son populares en invierno y por ello ense\u00f1a en un v\u00eddeo \u00abc\u00f3mo solucionarlo de una forma muy sencilla\u00bb.<\/p>\n\n\n\n<h3 class=\"wp-block-heading\">La clave no es hidratar la piel sino repararla desde dentro<\/h3>\n\n\n\n<p><strong>\u00abLa clave no es hidratar m\u00e1s, es reparar la barrera\u00bb<\/strong>, insiste el dermat\u00f3logo. La hidrataci\u00f3n de la piel con cremas y productos a base de agua puede favorecer la apariencia, genera una sensaci\u00f3n de salud y de alivio que debe ir acompa\u00f1ada con una reparaci\u00f3n de las capas internas de la piel. \u00abPor eso sigue estos tres pasos\u00bb, anima.<\/p>\n\n\n\n<p>\u00abPrimero,&nbsp;<strong>usa una limpieza suave. Si el limpiador es muy fuerte, la sensaci\u00f3n de tirantez ser\u00e1 peor cada d\u00eda\u00bb<\/strong>, explica el dermat\u00f3logo. Xavier Batalla pone el foco en la limpieza porque es un paso de la rutina diaria de muchas personas que afecta directamente a la sequedad y salud de la piel.<\/p>\n\n\n\n<p>\u00abSegundo,&nbsp;<strong>a\u00f1ade productos con ceramidas, glicerina o pantenol\u00bb<\/strong>, enumera. \u00abEstos ingredientes a\u00f1aden<strong>&nbsp;lo que tu piel pierde en invierno&nbsp;<\/strong>y ayuda a que retengan el agua\u00bb, explica. Las ceramidas se encuentran tambi\u00e9n en alimentos, como los huevos, el arroz y el aguacate; aunque el dermat\u00f3logo s\u00f3lo habla desde una perspectiva cosm\u00e9tica.<\/p>\n\n\n\n<p>\u00abTercero,&nbsp;<strong>si tu piel est\u00e1 irritada o sensible&nbsp;<\/strong>reduce exfoliantes y activos fuertes\u00bb, insiste. La exfoliaci\u00f3n de la piel tiene beneficios comprobados si se realiza en unos par\u00e1metros concretos de intensidad y con unos ingredientes concretos. El dermat\u00f3logo pide evitar rutinas fuertes como la exfoliaci\u00f3n f\u00edsica o los \u00e1cidos en dosis elevadas.<\/p>\n\n\n\n<p><strong>\u00abPara los labios\u00bb<\/strong>, especifica,&nbsp;<strong>\u00abun b\u00e1lsamo no es suficiente, porque la piel de los labios es tan fina que se abre enseguida\u00bb.&nbsp;<\/strong>Para cuidar la piel de los labios en invierno, \u00abutiliza productos que contengan vaselina que te ayudan a proteger y humectar la barrera cut\u00e1nea\u00bb.<\/p>\n\n\n\n<p>Xavier Batalla a\u00f1ade una explicaci\u00f3n escrita sobre esta teor\u00eda del cuidado de la piel. \u00abCuando aprendes a reparar la barrera cut\u00e1nea,<strong>&nbsp;la piel retiene mejor el agua y se vuelve m\u00e1s resistente\u00bb,<\/strong>&nbsp;concluye.<\/p>\n\n\n\n<p><\/p>\n","protected":false},"excerpt":{"rendered":"<p>21 Enero, 2026 La piel del rostro es vulnerable durante todo el a\u00f1o&nbsp;a las condiciones&#8230;<\/p>\n","protected":false},"author":1,"featured_media":7404,"comment_status":"open","ping_status":"open","sticky":false,"template":"","format":"standard","meta":{"footnotes":""},"categories":[9],"tags":[],"class_list":["post-7403","post","type-post","status-publish","format-standard","has-post-thumbnail","hentry","category-tips"],"_links":{"self":[{"href":"https:\/\/noticierotamaulipeco.info\/index.php?rest_route=\/wp\/v2\/posts\/7403","targetHints":{"allow":["GET"]}}],"collection":[{"href":"https:\/\/noticierotamaulipeco.info\/index.php?rest_route=\/wp\/v2\/posts"}],"about":[{"href":"https:\/\/noticierotamaulipeco.info\/index.php?rest_route=\/wp\/v2\/types\/post"}],"author":[{"embeddable":true,"href":"https:\/\/noticierotamaulipeco.info\/index.php?rest_route=\/wp\/v2\/users\/1"}],"replies":[{"embeddable":true,"href":"https:\/\/noticierotamaulipeco.info\/index.php?rest_route=%2Fwp%2Fv2%2Fcomments&post=7403"}],"version-history":[{"count":1,"href":"https:\/\/noticierotamaulipeco.info\/index.php?rest_route=\/wp\/v2\/posts\/7403\/revisions"}],"predecessor-version":[{"id":7405,"href":"https:\/\/noticierotamaulipeco.info\/index.php?rest_route=\/wp\/v2\/posts\/7403\/revisions\/7405"}],"wp:featuredmedia":[{"embeddable":true,"href":"https:\/\/noticierotamaulipeco.info\/index.php?rest_route=\/wp\/v2\/media\/7404"}],"wp:attachment":[{"href":"https:\/\/noticierotamaulipeco.info\/index.php?rest_route=%2Fwp%2Fv2%2Fmedia&parent=7403"}],"wp:term":[{"taxonomy":"category","embeddable":true,"href":"https:\/\/noticierotamaulipeco.info\/index.php?rest_route=%2Fwp%2Fv2%2Fcategories&post=7403"},{"taxonomy":"post_tag","embeddable":true,"href":"https:\/\/noticierotamaulipeco.info\/index.php?rest_route=%2Fwp%2Fv2%2Ftags&post=7403"}],"curies":[{"name":"wp","href":"https:\/\/api.w.org\/{rel}","templated":true}]}}