{"id":7419,"date":"2026-01-24T16:19:59","date_gmt":"2026-01-24T16:19:59","guid":{"rendered":"https:\/\/noticierotamaulipeco.info\/?p=7419"},"modified":"2026-01-26T16:21:06","modified_gmt":"2026-01-26T16:21:06","slug":"recibe-rector-de-la-uat-reconocimiento-de-la-federacion-mexicana-de-judo","status":"publish","type":"post","link":"https:\/\/noticierotamaulipeco.info\/?p=7419","title":{"rendered":"Recibe rector de la UAT reconocimiento de la Federaci\u00f3n Mexicana de Judo"},"content":{"rendered":"\n<p>Ciudad Victoria, Tam., 24 de enero de 2026.<\/p>\n\n\n\n<p>El rector de la Universidad Aut\u00f3noma de Tamaulipas (UAT), D\u00e1maso Anaya Alvarado, fue<br>distinguido con el grado honor\u00edfico Sho Dan de la Federaci\u00f3n Mexicana de Judo. Este<br>reconocimiento destaca su trayectoria en la pr\u00e1ctica del judo y su apoyo constante a esta<br>disciplina tanto en el estado como a nivel nacional.<br>La entrega de esta distinci\u00f3n estuvo a cargo del Shihan Juan Gerardo Guerrero Ortiz, director de<br>Grados y de Kata de la Federaci\u00f3n Mexicana de Judo, en el marco de la eliminatoria de judo en su<br>etapa \u201cEstatal CONADE 2026\u201d desarrollada en el Gimnasio Universitario del Campus Victoria, con<br>la presencia de la secretaria de Bienestar Social de Tamaulipas, Silvia Casas Gonz\u00e1lez.<br>En su mensaje, D\u00e1maso Anaya agradeci\u00f3 a los representantes nacionales y estatales de Judo por<br>esta distinci\u00f3n.<br>Asimismo, exhort\u00f3 a los atletas que participan en el Torneo Estatal de Judo, a seguir<br>engrandeciendo este deporte y preservar los valores y el esp\u00edritu de competencia de esta<br>disciplina.<br>De igual forma agradeci\u00f3 la presencia de la secretaria de Bienestar Social, Silvia Casas y asever\u00f3<br>que con el apoyo del gobernador Am\u00e9rico Villarreal, continuar\u00e1n abriendo espacios para la<br>pr\u00e1ctica del deporte, fomentando en ni\u00f1os y j\u00f3venes actividades sanas que contribuyan a su<br>desarrollo integral.<br>En el evento se cont\u00f3 con la presencia de la sensei Cecilia Mart\u00ednez Aguilera, presidenta de la<br>Asociaci\u00f3n Tamaulipeca de Judo; as\u00ed como del director del Instituto del Deporte de Tamaulipas,<br>Manuel Alejandro Viru\u00e9s Lozano, entre otras autoridades<\/p>\n\n\n\n<figure class=\"wp-block-image size-large\"><img loading=\"lazy\" decoding=\"async\" width=\"1024\" height=\"682\" src=\"https:\/\/noticierotamaulipeco.info\/wp-content\/uploads\/2026\/01\/3-27-1024x682.jpeg\" alt=\"\" class=\"wp-image-7420\" srcset=\"https:\/\/noticierotamaulipeco.info\/wp-content\/uploads\/2026\/01\/3-27-1024x682.jpeg 1024w, https:\/\/noticierotamaulipeco.info\/wp-content\/uploads\/2026\/01\/3-27-300x200.jpeg 300w, https:\/\/noticierotamaulipeco.info\/wp-content\/uploads\/2026\/01\/3-27-768x512.jpeg 768w, https:\/\/noticierotamaulipeco.info\/wp-content\/uploads\/2026\/01\/3-27-1536x1024.jpeg 1536w, https:\/\/noticierotamaulipeco.info\/wp-content\/uploads\/2026\/01\/3-27-2048x1365.jpeg 2048w\" sizes=\"auto, (max-width: 1024px) 100vw, 1024px\" \/><\/figure>\n","protected":false},"excerpt":{"rendered":"<p>Ciudad Victoria, Tam., 24 de enero de 2026. El rector de la Universidad Aut\u00f3noma de&#8230;<\/p>\n","protected":false},"author":1,"featured_media":7420,"comment_status":"open","ping_status":"open","sticky":false,"template":"","format":"standard","meta":{"footnotes":""},"categories":[4],"tags":[],"class_list":["post-7419","post","type-post","status-publish","format-standard","has-post-thumbnail","hentry","category-educacion"],"_links":{"self":[{"href":"https:\/\/noticierotamaulipeco.info\/index.php?rest_route=\/wp\/v2\/posts\/7419","targetHints":{"allow":["GET"]}}],"collection":[{"href":"https:\/\/noticierotamaulipeco.info\/index.php?rest_route=\/wp\/v2\/posts"}],"about":[{"href":"https:\/\/noticierotamaulipeco.info\/index.php?rest_route=\/wp\/v2\/types\/post"}],"author":[{"embeddable":true,"href":"https:\/\/noticierotamaulipeco.info\/index.php?rest_route=\/wp\/v2\/users\/1"}],"replies":[{"embeddable":true,"href":"https:\/\/noticierotamaulipeco.info\/index.php?rest_route=%2Fwp%2Fv2%2Fcomments&post=7419"}],"version-history":[{"count":1,"href":"https:\/\/noticierotamaulipeco.info\/index.php?rest_route=\/wp\/v2\/posts\/7419\/revisions"}],"predecessor-version":[{"id":7421,"href":"https:\/\/noticierotamaulipeco.info\/index.php?rest_route=\/wp\/v2\/posts\/7419\/revisions\/7421"}],"wp:featuredmedia":[{"embeddable":true,"href":"https:\/\/noticierotamaulipeco.info\/index.php?rest_route=\/wp\/v2\/media\/7420"}],"wp:attachment":[{"href":"https:\/\/noticierotamaulipeco.info\/index.php?rest_route=%2Fwp%2Fv2%2Fmedia&parent=7419"}],"wp:term":[{"taxonomy":"category","embeddable":true,"href":"https:\/\/noticierotamaulipeco.info\/index.php?rest_route=%2Fwp%2Fv2%2Fcategories&post=7419"},{"taxonomy":"post_tag","embeddable":true,"href":"https:\/\/noticierotamaulipeco.info\/index.php?rest_route=%2Fwp%2Fv2%2Ftags&post=7419"}],"curies":[{"name":"wp","href":"https:\/\/api.w.org\/{rel}","templated":true}]}}