{"id":7425,"date":"2026-01-26T17:23:06","date_gmt":"2026-01-26T17:23:06","guid":{"rendered":"https:\/\/noticierotamaulipeco.info\/?p=7425"},"modified":"2026-01-26T17:23:06","modified_gmt":"2026-01-26T17:23:06","slug":"ex-vicealmirante-de-la-marina-detenido-por-presunto-huachicol-denuncia-proceso-viciado","status":"publish","type":"post","link":"https:\/\/noticierotamaulipeco.info\/?p=7425","title":{"rendered":"Ex Vicealmirante de la Marina detenido por presunto &#8216;huachicol&#8217; denuncia proceso viciado"},"content":{"rendered":"\n<p>26 Enero, 2026<\/p>\n\n\n\n<p>El ex Vicealmirante&nbsp;<strong>Manuel Roberto Far\u00edas Lanna<\/strong>, privado de la libertad en el CEFERESO No. 1 \u201cAltiplano\u201d, solicit\u00f3 la&nbsp;<strong>intervenci\u00f3n de la presidenta Claudia Sheinbaum<\/strong>&nbsp;para revisar su caso, al considerar que enfrenta un proceso penal \u201cviciado y politizado\u201d en su contra.<\/p>\n\n\n\n<p>En una carta fechada el 26 de enero de 2026, Far\u00edas asegura que&nbsp;<strong>se le fabric\u00f3 culpabilidad<\/strong>&nbsp;en una investigaci\u00f3n por presunta delincuencia organizada con fines de cometer delitos en materia de hidrocarburos.<\/p>\n\n\n\n<p>Far\u00edas fue detenido el 2 de septiembre de 2025&nbsp;<strong>en su oficina de la Inspecci\u00f3n<\/strong>&nbsp;de la D\u00e9cima Regi\u00f3n Naval, en Salina Cruz, Oaxaca, por agentes de la Agencia de Investigaci\u00f3n Criminal.<\/p>\n\n\n\n<p>A partir de entonces fue vinculado a proceso y permanece recluido en&nbsp;<strong>espera de resoluci\u00f3n legal.<\/strong><\/p>\n\n\n\n<p>Con 33 a\u00f1os de servicio ininterrumpidos en la Armada de M\u00e9xico, asegura que su caso&nbsp;<strong>ha sido manipulado con fines pol\u00edticos<\/strong>&nbsp;y que las instancias judiciales, la Fiscal\u00eda y la Secretar\u00eda de Marina lo han tratado como culpable desde el inicio.<\/p>\n\n\n\n<p>En la misiva, el Vicealmirante detalla que la Secretar\u00eda de&nbsp;<strong>Marina lo dio de baja de manera irregular<\/strong>&nbsp;el 18 de diciembre de 2025, antes de que concluyera su proceso legal.<\/p>\n\n\n\n<blockquote class=\"wp-block-quote is-layout-flow wp-block-quote-is-layout-flow\">\n<p>La propia Secretar\u00eda de Marina me dio de baja de la instituci\u00f3n de una manera ilegal, situaci\u00f3n ante la cual establec\u00ed el recurso legal para salvaguardar mis derechos y mis prestaciones sociales.<\/p>\n<\/blockquote>\n\n\n\n<p>Adem\u00e1s, apunt\u00f3 que esta situaci\u00f3n es \u201cmuestra de la mala actuaci\u00f3n\u201d en su contra.<\/p>\n\n\n\n<p>El militar asegura que desde el 10 de noviembre de 2025 ha solicitado a la Fiscal\u00eda&nbsp;<strong>acceso a la investigaci\u00f3n complementaria<\/strong>&nbsp;y a diversos actos de investigaci\u00f3n, pero hasta la fecha no se le ha facilitado la informaci\u00f3n necesaria para ejercer una defensa adecuada.<\/p>\n\n\n\n<p>Far\u00edas indica que la carpeta de investigaci\u00f3n 5608\/2025 contiene informaci\u00f3n imprecisa, e incluso&nbsp;<strong>menciona un video de&nbsp;<em>YouTube<\/em>&nbsp;que \u201cno existe\u201d<\/strong>&nbsp;como parte de los elementos que se han utilizado para mantenerlo privado de la libertad.<\/p>\n\n\n\n<p>La misiva tambi\u00e9n hace \u00e9nfasis en el impacto que el caso ha tenido sobre su familia, su esposa y sus hijas menores han sufrido las consecuencias de lo que considera una persecuci\u00f3n injusta y una afectaci\u00f3n directa a su carrera profesional.<\/p>\n\n\n\n<p>Por ello, el ex vicealmirante solicita que la presidenta intervenga para garantizar justicia y&nbsp;<strong>evitar la fabricaci\u00f3n de culpables.<\/strong><\/p>\n\n\n\n<p>proporcion\u00f3 los datos de contacto de su representante legal, Dr. Epigmenio Mendieta Valdez, as\u00ed como de su esposa, Luc\u00eda Le\u00f3n Mina, para&nbsp;<strong>cualquier ampliaci\u00f3n sobre el caso<\/strong>, insistiendo en que su intenci\u00f3n es que se haga justicia de manera imparcial.<\/p>\n\n\n\n<p>El ex vicealmirante Far\u00edas est\u00e1 vinculado a una investigaci\u00f3n federal a cargo de la Fiscal\u00eda General de la Rep\u00fablica (FGR) junto con otros nueve altos mandos navales, por su presunta participaci\u00f3n en una&nbsp;<strong>red de contrabando y evasi\u00f3n de combustible.<\/strong><\/p>\n\n\n\n<p>Tras su detenci\u00f3n en septiembre de 2025, el militar y otros oficiales continuaron&nbsp;<strong>percibiendo salarios de la Marina<\/strong>&nbsp;hasta que su baja fue formalizada en diciembre.<\/p>\n\n\n\n<p><\/p>\n","protected":false},"excerpt":{"rendered":"<p>26 Enero, 2026 El ex Vicealmirante&nbsp;Manuel Roberto Far\u00edas Lanna, privado de la libertad en el&#8230;<\/p>\n","protected":false},"author":1,"featured_media":7426,"comment_status":"open","ping_status":"open","sticky":false,"template":"","format":"standard","meta":{"footnotes":""},"categories":[3],"tags":[],"class_list":["post-7425","post","type-post","status-publish","format-standard","has-post-thumbnail","hentry","category-mexico"],"_links":{"self":[{"href":"https:\/\/noticierotamaulipeco.info\/index.php?rest_route=\/wp\/v2\/posts\/7425","targetHints":{"allow":["GET"]}}],"collection":[{"href":"https:\/\/noticierotamaulipeco.info\/index.php?rest_route=\/wp\/v2\/posts"}],"about":[{"href":"https:\/\/noticierotamaulipeco.info\/index.php?rest_route=\/wp\/v2\/types\/post"}],"author":[{"embeddable":true,"href":"https:\/\/noticierotamaulipeco.info\/index.php?rest_route=\/wp\/v2\/users\/1"}],"replies":[{"embeddable":true,"href":"https:\/\/noticierotamaulipeco.info\/index.php?rest_route=%2Fwp%2Fv2%2Fcomments&post=7425"}],"version-history":[{"count":1,"href":"https:\/\/noticierotamaulipeco.info\/index.php?rest_route=\/wp\/v2\/posts\/7425\/revisions"}],"predecessor-version":[{"id":7427,"href":"https:\/\/noticierotamaulipeco.info\/index.php?rest_route=\/wp\/v2\/posts\/7425\/revisions\/7427"}],"wp:featuredmedia":[{"embeddable":true,"href":"https:\/\/noticierotamaulipeco.info\/index.php?rest_route=\/wp\/v2\/media\/7426"}],"wp:attachment":[{"href":"https:\/\/noticierotamaulipeco.info\/index.php?rest_route=%2Fwp%2Fv2%2Fmedia&parent=7425"}],"wp:term":[{"taxonomy":"category","embeddable":true,"href":"https:\/\/noticierotamaulipeco.info\/index.php?rest_route=%2Fwp%2Fv2%2Fcategories&post=7425"},{"taxonomy":"post_tag","embeddable":true,"href":"https:\/\/noticierotamaulipeco.info\/index.php?rest_route=%2Fwp%2Fv2%2Ftags&post=7425"}],"curies":[{"name":"wp","href":"https:\/\/api.w.org\/{rel}","templated":true}]}}