{"id":7435,"date":"2026-01-26T18:32:59","date_gmt":"2026-01-26T18:32:59","guid":{"rendered":"https:\/\/noticierotamaulipeco.info\/?p=7435"},"modified":"2026-01-26T18:33:00","modified_gmt":"2026-01-26T18:33:00","slug":"vicente-fernandez-jr-presume-su-radical-cambio-tras-perder-17-kilos-se-parece-a-alejandro-fernandez","status":"publish","type":"post","link":"https:\/\/noticierotamaulipeco.info\/?p=7435","title":{"rendered":"Vicente Fern\u00e1ndez Jr presume su radical cambio tras perder 17 kilos: \u201cse parece a Alejandro Fern\u00e1ndez\u201d"},"content":{"rendered":"\n<p>26 Enero, 2026<\/p>\n\n\n\n<p>Vicente Fern\u00e1ndez Jr\u00a0reapareci\u00f3 con un cambio f\u00edsico tan notorio que encendi\u00f3 las redes y provoc\u00f3 una sola pregunta:\u00a0<strong>\u00bfqu\u00e9 hizo para transformarse as\u00ed?<\/strong>\u00a0M\u00e1s delgado, con facciones m\u00e1s marcadas y una vibra totalmente distinta, seg\u00fan dicen en redes, el cantante dej\u00f3 ver que algo fuerte pas\u00f3 detr\u00e1s de c\u00e1maras. Mientras unos hablan de salud, disciplina y nuevos h\u00e1bitos, otros no dejan de compararlo con alguien muy cercano a \u00e9l. Lo cierto es que su nueva apariencia no pas\u00f3 desapercibida.<\/p>\n\n\n\n<h2 class=\"wp-block-heading\"><strong>\u00bfC\u00f3mo logr\u00f3 Vicente Fern\u00e1ndez Jr bajar 17 kilos y transformar su cuerpo?<\/strong><\/h2>\n\n\n\n<p>La\u00a0<strong>p\u00e9rdida de peso de Vicente Fern\u00e1ndez Jr<\/strong>, que ya es tema entre seguidores de la familia Fern\u00e1ndez, no fue producto de soluciones r\u00e1pidas. El proceso estuvo supervisado por el doctor David Garc\u00eda P\u00e9rez y la doctora Suhail J. Luna, quienes trabajaron con \u00e9l en un plan integral.<\/p>\n\n\n\n<p>Seg\u00fan explic\u00f3 el especialista, los resultados no fueron improvisados ni m\u00e1gicos. De hecho, el mensaje que acompa\u00f1\u00f3 las fotos del antes y despu\u00e9s fue claro y directo:<\/p>\n\n\n\n<blockquote class=\"wp-block-quote is-layout-flow wp-block-quote-is-layout-flow\">\n<p>\u201cSon el resultado de disciplina, constancia, buenos h\u00e1bitos y decisi\u00f3n. Nada de atajos, Nada de milagros Trabajo real = resultados reales. Esto es lo que pasa cuando te comprometes con tu salud y conf\u00edas en un programa bien estructurado\u201d.<\/p>\n<\/blockquote>\n\n\n\n<p>Aunque no se revelaron detalles espec\u00edficos de rutinas o dietas, s\u00ed qued\u00f3 claro que el enfoque fue integral.<\/p>\n\n\n\n<p>Cabe destacar que aunque la&nbsp;<strong>p\u00e9rdida de 17 kilos de Vicente Fern\u00e1ndez Jr<\/strong>&nbsp;es evidente, el proceso a\u00fan no termina. El propio m\u00e9dico dej\u00f3 entrever que todav\u00eda hay objetivos por cumplir al escribir:<\/p>\n\n\n\n<p>\u201cVamos por los \u00faltimos kilos\u201d.<\/p>\n\n\n\n<h2 class=\"wp-block-heading\"><strong>\u00bfPor qu\u00e9 comparan a Vicente Fern\u00e1ndez Jr con Alejandro Fern\u00e1ndez tras su cambio f\u00edsico?<\/strong><\/h2>\n\n\n\n<p>Las redes no tardaron en reaccionar. La\u00a0<strong>nueva imagen de Vicente Fern\u00e1ndez Jr<\/strong>\u00a0gener\u00f3 una ola de comentarios donde muchos coincidieron en que luce\u00a0<strong>sorprendentemente parecido a su hermano\u00a0Alejandro Fern\u00e1ndez<\/strong>, especialmente por la reducci\u00f3n de volumen en el rostro y la definici\u00f3n de facciones.<\/p>\n\n\n\n<p>Su figura m\u00e1s estilizada, el rostro m\u00e1s marcado y el look relajado en las fotos hicieron que los fans recordaran versiones m\u00e1s j\u00f3venes del llamado \u201cPotrillo\u201d. Incluso algunos se\u00f1alaron que ahora se nota m\u00e1s el parecido familiar que antes pasaba desapercibido por el peso.<\/p>\n\n\n\n<ul class=\"wp-block-list\">\n<li>\u201cS\u00ed se pueden nomas es querer echarle ganas, mi chulo sigue por favor.\u201d<\/li>\n\n\n\n<li>\u201cEl tipo de mujer que tienes cuenta mucho porque se nota en el f\u00edsico y en general.\u201d<\/li>\n\n\n\n<li>\u201cFelicidades.\u201d<\/li>\n\n\n\n<li>\u201cFelicidades con todo respeto, se ve muy bien, ese cambio es excelente.\u201d<\/li>\n\n\n\n<li>\u201cSe ve m\u00e1s joven.\u201d<\/li>\n<\/ul>\n\n\n\n<p>La conversaci\u00f3n no solo gir\u00f3 en torno a la est\u00e9tica, sino a c\u00f3mo este cambio tambi\u00e9n proyecta una imagen de mayor vitalidad sobre todo ahora que \u00a1va a ser pap\u00e1!<\/p>\n\n\n\n<h2 class=\"wp-block-heading\">\u00bfLa hija de Vicente Fern\u00e1ndez Jr nacer\u00e1 el mismo d\u00eda que don Vicente? As\u00ed fue el emotivo baby shower<\/h2>\n\n\n\n<p>Mariana Gonz\u00e1lez y Vicente Fern\u00e1ndez Jr.\u00a0ya se preparan para recibir a su primera hija en com\u00fan y este fin de semana celebraron su\u00a0<strong>baby shower<\/strong>, un evento \u00edntimo que reuni\u00f3 a personas muy cercanas a la pareja. Aunque hubo algunas ausencias familiares, tambi\u00e9n se dieron presencias clave, como la de\u00a0<strong>do\u00f1a Cuquita Abarca<\/strong>, madre del cantante, quien no quiso perderse este momento especial.<\/p>\n\n\n\n<p>La celebraci\u00f3n se realiz\u00f3 el&nbsp;<strong>domingo 18 de enero<\/strong>&nbsp;en el rancho&nbsp;<strong>Los Tres Potrillos<\/strong>, propiedad de don Vicente Fern\u00e1ndez, y tuvo como tem\u00e1tica un colorido circo. A la reuni\u00f3n acudieron familiares y amigos cercanos, entre ellos&nbsp;<strong>Alex Fern\u00e1ndez y su esposa Alexa<\/strong>, quienes acompa\u00f1aron a los futuros padres en esta etapa tan significativa.<\/p>\n\n\n\n<p>M\u00e1s enamorados que nunca, Mariana ha compartido que la llegada de su beb\u00e9 ha fortalecido su relaci\u00f3n con Vicente Jr. de una manera distinta y profunda. Incluso se ha comentado que el nacimiento podr\u00eda coincidir con el&nbsp;<strong>17 de febrero<\/strong>, fecha emblem\u00e1tica para la familia Fern\u00e1ndez, aunque do\u00f1a Cuquita expres\u00f3 su deseo de que ese d\u00eda siga siendo exclusivo para honrar la memoria de su esposo.<\/p>\n\n\n\n<p><\/p>\n","protected":false},"excerpt":{"rendered":"<p>26 Enero, 2026 Vicente Fern\u00e1ndez Jr\u00a0reapareci\u00f3 con un cambio f\u00edsico tan notorio que encendi\u00f3 las&#8230;<\/p>\n","protected":false},"author":1,"featured_media":7436,"comment_status":"open","ping_status":"open","sticky":false,"template":"","format":"standard","meta":{"footnotes":""},"categories":[7],"tags":[],"class_list":["post-7435","post","type-post","status-publish","format-standard","has-post-thumbnail","hentry","category-espectaculos"],"_links":{"self":[{"href":"https:\/\/noticierotamaulipeco.info\/index.php?rest_route=\/wp\/v2\/posts\/7435","targetHints":{"allow":["GET"]}}],"collection":[{"href":"https:\/\/noticierotamaulipeco.info\/index.php?rest_route=\/wp\/v2\/posts"}],"about":[{"href":"https:\/\/noticierotamaulipeco.info\/index.php?rest_route=\/wp\/v2\/types\/post"}],"author":[{"embeddable":true,"href":"https:\/\/noticierotamaulipeco.info\/index.php?rest_route=\/wp\/v2\/users\/1"}],"replies":[{"embeddable":true,"href":"https:\/\/noticierotamaulipeco.info\/index.php?rest_route=%2Fwp%2Fv2%2Fcomments&post=7435"}],"version-history":[{"count":1,"href":"https:\/\/noticierotamaulipeco.info\/index.php?rest_route=\/wp\/v2\/posts\/7435\/revisions"}],"predecessor-version":[{"id":7437,"href":"https:\/\/noticierotamaulipeco.info\/index.php?rest_route=\/wp\/v2\/posts\/7435\/revisions\/7437"}],"wp:featuredmedia":[{"embeddable":true,"href":"https:\/\/noticierotamaulipeco.info\/index.php?rest_route=\/wp\/v2\/media\/7436"}],"wp:attachment":[{"href":"https:\/\/noticierotamaulipeco.info\/index.php?rest_route=%2Fwp%2Fv2%2Fmedia&parent=7435"}],"wp:term":[{"taxonomy":"category","embeddable":true,"href":"https:\/\/noticierotamaulipeco.info\/index.php?rest_route=%2Fwp%2Fv2%2Fcategories&post=7435"},{"taxonomy":"post_tag","embeddable":true,"href":"https:\/\/noticierotamaulipeco.info\/index.php?rest_route=%2Fwp%2Fv2%2Ftags&post=7435"}],"curies":[{"name":"wp","href":"https:\/\/api.w.org\/{rel}","templated":true}]}}