{"id":7455,"date":"2026-01-29T15:34:20","date_gmt":"2026-01-29T15:34:20","guid":{"rendered":"https:\/\/noticierotamaulipeco.info\/?p=7455"},"modified":"2026-01-29T15:34:21","modified_gmt":"2026-01-29T15:34:21","slug":"leon-xiv-pide-que-se-respete-la-justicia-la-verdad-y-la-caridad-en-los-casos-de-abusos","status":"publish","type":"post","link":"https:\/\/noticierotamaulipeco.info\/?p=7455","title":{"rendered":"Le\u00f3n XIV pide que se respete la \u201cjusticia, la verdad y la caridad\u201d en los casos de abusos"},"content":{"rendered":"\n<p>29 Enero, 2026<\/p>\n\n\n\n<p>El&nbsp;<strong>papa Le\u00f3n XIV<\/strong>&nbsp;inst\u00f3 a&nbsp;<strong>tratar casos de delitos reservados<\/strong>&nbsp;al&nbsp;<strong>Dicasterio de la Doctrina de la F<\/strong>e, entre los que se encuentran los de&nbsp;<strong>abusos<\/strong>, respetando \u201cla justicia, la verdad y la caridad\u201d.<\/p>\n\n\n\n<p>Le\u00f3n XIV mantuvo un encuentro este\u00a0jueves 29 de enero de 2026\u00a0con los participantes en la plenaria del Dicasterio de la Doctrina de la Fe e indic\u00f3 la necesidad ed \u201cacoger y acompa\u00f1ar, con toda benevolencia y discernimiento, a los obispos y superiores generales llamados a tratar casos de delitos reservados\u201d a este ministerio vaticano.<\/p>\n\n\n\n<blockquote class=\"wp-block-quote is-layout-flow wp-block-quote-is-layout-flow\">\n<p>Es un \u00e1mbito ministerial muy delicado, en el que es fundamental velar por que se respeten y cumplan siempre las exigencias de la justicia, la verdad y la caridad\u201d, subray\u00f3.<\/p>\n<\/blockquote>\n\n\n\n<p>El pont\u00edfice estadounidense y peruano tambi\u00e9n expres\u00f3 su gratitud por los numerosos documentos elaborados por el Dicasterio \u201csobre cuestiones a menudo muy delicadas\u201d como la declaraci\u00f3n \u201cDignitas infinita\u201d, sobre la dignidad humana, que, observ\u00f3 \u201cen estos tiempos se ve \u00abgravemente amenazada\u00bb por las guerras en curso y por \u00abuna econom\u00eda que prioriza el lucro\u201d.<\/p>\n\n\n\n<p>El pont\u00edfice tambi\u00e9n valor\u00f3 el trabajo de este ministerio vaticano en la transmisi\u00f3n de la fe al afirmar \u201cque es innegable que, en las \u00faltimas d\u00e9cadas, se ha producido una ruptura en la transmisi\u00f3n generacional de la fe cristiana entre el pueblo cat\u00f3lico\u201d<\/p>\n\n\n\n<p>\u201cCrece el n\u00famero de quienes ya no perciben el Evangelio como un recurso fundamental para su existencia, sobre todo entre las generaciones m\u00e1s j\u00f3venes\u201d, asever\u00f3.<\/p>\n\n\n\n<p>Destac\u00f3 que \u201chay muchos j\u00f3venes y j\u00f3venes que viven sin ninguna referencia a Dios y a la Iglesia y, si por una parte esto causa dolor en nosotros los creyentes, por otra debe llevarnos a redescubrir la dulce y consoladora alegr\u00eda de evangelizar\u201d.<\/p>\n\n\n\n<p><\/p>\n","protected":false},"excerpt":{"rendered":"<p>29 Enero, 2026 El&nbsp;papa Le\u00f3n XIV&nbsp;inst\u00f3 a&nbsp;tratar casos de delitos reservados&nbsp;al&nbsp;Dicasterio de la Doctrina de&#8230;<\/p>\n","protected":false},"author":1,"featured_media":7457,"comment_status":"open","ping_status":"open","sticky":false,"template":"","format":"standard","meta":{"footnotes":""},"categories":[5],"tags":[],"class_list":["post-7455","post","type-post","status-publish","format-standard","has-post-thumbnail","hentry","category-internacional"],"_links":{"self":[{"href":"https:\/\/noticierotamaulipeco.info\/index.php?rest_route=\/wp\/v2\/posts\/7455","targetHints":{"allow":["GET"]}}],"collection":[{"href":"https:\/\/noticierotamaulipeco.info\/index.php?rest_route=\/wp\/v2\/posts"}],"about":[{"href":"https:\/\/noticierotamaulipeco.info\/index.php?rest_route=\/wp\/v2\/types\/post"}],"author":[{"embeddable":true,"href":"https:\/\/noticierotamaulipeco.info\/index.php?rest_route=\/wp\/v2\/users\/1"}],"replies":[{"embeddable":true,"href":"https:\/\/noticierotamaulipeco.info\/index.php?rest_route=%2Fwp%2Fv2%2Fcomments&post=7455"}],"version-history":[{"count":1,"href":"https:\/\/noticierotamaulipeco.info\/index.php?rest_route=\/wp\/v2\/posts\/7455\/revisions"}],"predecessor-version":[{"id":7458,"href":"https:\/\/noticierotamaulipeco.info\/index.php?rest_route=\/wp\/v2\/posts\/7455\/revisions\/7458"}],"wp:featuredmedia":[{"embeddable":true,"href":"https:\/\/noticierotamaulipeco.info\/index.php?rest_route=\/wp\/v2\/media\/7457"}],"wp:attachment":[{"href":"https:\/\/noticierotamaulipeco.info\/index.php?rest_route=%2Fwp%2Fv2%2Fmedia&parent=7455"}],"wp:term":[{"taxonomy":"category","embeddable":true,"href":"https:\/\/noticierotamaulipeco.info\/index.php?rest_route=%2Fwp%2Fv2%2Fcategories&post=7455"},{"taxonomy":"post_tag","embeddable":true,"href":"https:\/\/noticierotamaulipeco.info\/index.php?rest_route=%2Fwp%2Fv2%2Ftags&post=7455"}],"curies":[{"name":"wp","href":"https:\/\/api.w.org\/{rel}","templated":true}]}}