{"id":7459,"date":"2026-01-28T15:34:22","date_gmt":"2026-01-28T15:34:22","guid":{"rendered":"https:\/\/noticierotamaulipeco.info\/?p=7459"},"modified":"2026-01-29T15:37:37","modified_gmt":"2026-01-29T15:37:37","slug":"nfl-bill-belichick-no-entrara-al-salon-de-la-fama-en-su-primer-ano-de-elegibilidad","status":"publish","type":"post","link":"https:\/\/noticierotamaulipeco.info\/?p=7459","title":{"rendered":"NFL: Bill Belichick no entrar\u00e1 al Sal\u00f3n de la Fama en su primer a\u00f1o de elegibilidad"},"content":{"rendered":"\n<p>28 Enero, 2026<\/p>\n\n\n\n<p><strong><br>Bill Belichick,<\/strong>\u00a0m\u00e1ximo ganador de\u00a0<strong>Super Bowls<\/strong>\u00a0como entrenador de la NFL, no ingresar\u00e1 de manera sorpresiva al<strong>\u00a0Sal\u00f3n de la Fama del Futbol Americano Profesional<\/strong>\u00a0en su primer a\u00f1o como elegible al\u00a0<strong>no alcanzar los votos necesarios.<\/strong><\/p>\n\n\n\n<p><strong>Belichick<\/strong>\u00a0aparec\u00eda como el gran favorito para ser parte del\u00a0<strong>recinto de los inmortales<\/strong>\u00a0de este deporte gracias a los<strong>\u00a0ocho Super Bowls<\/strong>\u00a0que gan\u00f3 a lo largo de su carrera;\u00a0<strong>dos como coordinador defensivo de los New York Giants y seis como entrenador en jefe de los New England Patriots,<\/strong>\u00a0en nueve apariciones.<\/p>\n\n\n\n<p>El galardonado entrenador se qued\u00f3 fuera porque\u00a0<strong>no alcanz\u00f3 los 40 de los 50 votos necesarios<\/strong>\u00a0para convertirse en un nuevo miembro seg\u00fan reportes de\u00a0<em>ESPN y The Athletic.<\/em><\/p>\n\n\n\n<p>El comit\u00e9 de votaci\u00f3n del recinto est\u00e1 conformado por&nbsp;<strong>periodistas veteranos de la NFL y figuras del futbol americano profesional<\/strong>&nbsp;entre los que destacan&nbsp;<strong>Bill Polian<\/strong>, ex gerente general de los Buffalo Bills, y el ex entrenador de Buccaneers y Colts,&nbsp;<strong>Tony Dungy.<\/strong><\/p>\n\n\n\n<p>El Sal\u00f3n de la Fama del Futbol Americano Profesional no hizo comentarios de la decisi\u00f3n, s\u00f3lo reiter\u00f3 que los<strong>&nbsp;nuevos integrantes de su clase 2026<\/strong>&nbsp;ser\u00e1n dados a conocer el pr\u00f3ximo<strong>&nbsp;5 de febrero<\/strong>&nbsp;durante la ceremonia&nbsp;<strong>\u2018NFL Honors\u2019<\/strong>&nbsp;que se realizar\u00e1 en San Francisco, California, tres d\u00edas antes del&nbsp;<strong>Super Bowl LX.<\/strong><\/p>\n\n\n\n<p>Los m\u00e9ritos de Belichick para ver su busto de bronce en el sal\u00f3n de\u00a0<strong>Canton, Ohio,<\/strong>\u00a0parec\u00edan irrebatibles, ya que adem\u00e1s de sus ocho Super Bowls,\u00a0<strong>dej\u00f3 marcas que parecen inalcanzables.<\/strong><\/p>\n\n\n\n<p>Sum\u00f3<strong>\u00a0nueve campeonatos de conferencia, 17 t\u00edtulos divisionales,<\/strong>\u00a011 de ellos consecutivos; obtuvo\u00a0<strong>333 triunfos y 178 derrotas<\/strong>\u00a0en campa\u00f1a regular y playoffs, marca s\u00f3lo superada por\u00a0<strong>Don Shula,<\/strong>\u00a0miembro del Sal\u00f3n de la Fama, que obtuvo 347.<\/p>\n\n\n\n<p>Belichick figuraba entre los finalistas junto a&nbsp;<strong>Robert Kraft<\/strong>, propietario de los Patriots, junto al que forj\u00f3 la dinast\u00eda m\u00e1s ganadora de la liga, pero con quien mostr\u00f3 un&nbsp;<strong>marcado antagonismo<\/strong>&nbsp;desde que dej\u00f3 a New England en el 2024.<\/p>\n\n\n\n<p>La noticia sorprendi\u00f3 a varias estrellas de la NFL.&nbsp;<strong>Patrick Mahomes,<\/strong>&nbsp;mariscal de campo tres veces campe\u00f3n con los Kansas City Chiefs, dijo que&nbsp;<strong>no se explicaba esta decisi\u00f3n.<\/strong><\/p>\n\n\n\n<p><strong>\u201cEs una locura; ni siquiera entiendo c\u00f3mo esto puede ser posible<\/strong>\u201c, escribi\u00f3 el pasador en sus redes sociales.<\/p>\n\n\n\n<p>Opini\u00f3n que comparti\u00f3 el ya retirado&nbsp;<strong>JJ Watt,<\/strong>&nbsp;considerado uno de los mejores alas defensivas de la liga.<\/p>\n\n\n\n<p>\u201cNo puedo estar leyendo bien. Tiene que ser una imitaci\u00f3n del Sal\u00f3n de la Fama, no puede ser el verdad. No existe un mundo en el que Bill Belichick no deba ser incluido en el Sal\u00f3n de la Fama de l NFL en su primera elecci\u00f3n\u201d, afirm\u00f3 Watt.<\/p>\n\n\n\n<p>\u201cSi Bill Belichick no es un miembro del Sal\u00f3n de la Fama en su primera votaci\u00f3n, \u00bfqui\u00e9n lo es?\u201d, se\u00f1al\u00f3\u00a0<strong>Darius Butler,<\/strong>\u00a0ex defensivo profundo de Indianapolis Colts y actual analista de televisi\u00f3n.<\/p>\n\n\n\n<p><\/p>\n","protected":false},"excerpt":{"rendered":"<p>28 Enero, 2026 Bill Belichick,\u00a0m\u00e1ximo ganador de\u00a0Super Bowls\u00a0como entrenador de la NFL, no ingresar\u00e1 de&#8230;<\/p>\n","protected":false},"author":1,"featured_media":7460,"comment_status":"open","ping_status":"open","sticky":false,"template":"","format":"standard","meta":{"footnotes":""},"categories":[6],"tags":[],"class_list":["post-7459","post","type-post","status-publish","format-standard","has-post-thumbnail","hentry","category-deportes"],"_links":{"self":[{"href":"https:\/\/noticierotamaulipeco.info\/index.php?rest_route=\/wp\/v2\/posts\/7459","targetHints":{"allow":["GET"]}}],"collection":[{"href":"https:\/\/noticierotamaulipeco.info\/index.php?rest_route=\/wp\/v2\/posts"}],"about":[{"href":"https:\/\/noticierotamaulipeco.info\/index.php?rest_route=\/wp\/v2\/types\/post"}],"author":[{"embeddable":true,"href":"https:\/\/noticierotamaulipeco.info\/index.php?rest_route=\/wp\/v2\/users\/1"}],"replies":[{"embeddable":true,"href":"https:\/\/noticierotamaulipeco.info\/index.php?rest_route=%2Fwp%2Fv2%2Fcomments&post=7459"}],"version-history":[{"count":1,"href":"https:\/\/noticierotamaulipeco.info\/index.php?rest_route=\/wp\/v2\/posts\/7459\/revisions"}],"predecessor-version":[{"id":7461,"href":"https:\/\/noticierotamaulipeco.info\/index.php?rest_route=\/wp\/v2\/posts\/7459\/revisions\/7461"}],"wp:featuredmedia":[{"embeddable":true,"href":"https:\/\/noticierotamaulipeco.info\/index.php?rest_route=\/wp\/v2\/media\/7460"}],"wp:attachment":[{"href":"https:\/\/noticierotamaulipeco.info\/index.php?rest_route=%2Fwp%2Fv2%2Fmedia&parent=7459"}],"wp:term":[{"taxonomy":"category","embeddable":true,"href":"https:\/\/noticierotamaulipeco.info\/index.php?rest_route=%2Fwp%2Fv2%2Fcategories&post=7459"},{"taxonomy":"post_tag","embeddable":true,"href":"https:\/\/noticierotamaulipeco.info\/index.php?rest_route=%2Fwp%2Fv2%2Ftags&post=7459"}],"curies":[{"name":"wp","href":"https:\/\/api.w.org\/{rel}","templated":true}]}}