{"id":7462,"date":"2026-01-28T15:37:39","date_gmt":"2026-01-28T15:37:39","guid":{"rendered":"https:\/\/noticierotamaulipeco.info\/?p=7462"},"modified":"2026-01-29T15:40:29","modified_gmt":"2026-01-29T15:40:29","slug":"sebastian-yatra-anuncia-su-regreso-a-mexico-con-la-gira-entre-tanta-gente","status":"publish","type":"post","link":"https:\/\/noticierotamaulipeco.info\/?p=7462","title":{"rendered":"Sebasti\u00e1n Yatra anuncia su regreso a M\u00e9xico con la gira \u2018Entre Tanta Gente\u2019"},"content":{"rendered":"\n<p>28 Enero, 2026<\/p>\n\n\n\n<p>El cantautor colombiano&nbsp;<strong>Sebasti\u00e1n Yatra<\/strong>&nbsp;anunci\u00f3 este mi\u00e9rcoles su regreso a&nbsp;<strong>M\u00e9xico<\/strong>&nbsp;con su gira latinoamericana \u2018<strong>Entre Tanta Gente<\/strong>\u2018, donde visitar\u00e1 gran parte del pa\u00eds, seg\u00fan inform\u00f3 la promotora&nbsp;<strong>Ocesa.<\/strong><\/p>\n\n\n\n<p>El ganador de dos premios&nbsp;<strong>Latin Grammy<\/strong>&nbsp;iniciar\u00e1 sus presentaciones el&nbsp;<strong>23 de mayo en el Palacio de los Deportes<\/strong>&nbsp;de la Ciudad de M\u00e9xico, y culminar\u00e1 el 20 de junio en el Auditorio Telmex de Guadalajara, aunque pasar\u00e1 por ciudades como&nbsp;<strong>Quer\u00e9taro, San Luis Potos\u00ed, M\u00e9rida, Puebla, Torre\u00f3n, Monterrey, Chiapas y Le\u00f3n.<\/strong><\/p>\n\n\n\n<blockquote class=\"wp-block-quote is-layout-flow wp-block-quote-is-layout-flow\">\n<p>\u201cTras una etapa internacional que incluy\u00f3 una exitosa gira por Espa\u00f1a y el anuncio de la fase latinoamericana del tour, Yatra confirma ahora su paso por M\u00e9xico, uno de los mercados clave en su trayectoria art\u00edstica\u201d, asever\u00f3 la promotora en el comunicado.<\/p>\n<\/blockquote>\n\n\n\n<p>La gira se enmarca en medio del universo creativo de&nbsp;<strong>\u2018Milagro\u2019,<\/strong>&nbsp;el m\u00e1s reciente proyecto discogr\u00e1fico del colombiano, el cual est\u00e1 compuesto por 17 canciones y representa una etapa de transformaci\u00f3n personal y art\u00edstica.<\/p>\n\n\n\n<p><strong>Sebasti\u00e1n Yatra<\/strong>&nbsp;ha publicado su \u00faltimo sencillo \u2018<strong>La fkn vibra\u2019<\/strong>&nbsp;en colaboraci\u00f3n con el cantante del estilo regional mexicano Xavi, quien fue reconocido en 2024 como \u2018<strong>Artista Nuevo del A\u00f1o\u2019<\/strong>&nbsp;en los Premios Billboard Latinos.<\/p>\n\n\n\n<p>Este nuevo tour llega en un momento especialmente s\u00f3lido para el artista, quien recientemente obtuvo cuatro nominaciones al&nbsp;<strong>Premio Lo Nuestro<\/strong>, incluyendo artista masculino pop, canci\u00f3n del a\u00f1o (\u2018La Pelirroja\u2019), \u00e1lbum del a\u00f1o pop\/urbano-colaboraci\u00f3n del a\u00f1o (\u20182am\u2019, feat. Bad Gyal), reafirmando su impacto en la m\u00fasica latina actual.<\/p>\n\n\n\n<p>La&nbsp;<strong>preventa se llevar\u00e1 a cabo el 2 y 3 de febrero<\/strong>&nbsp;a trav\u00e9s del sitio de&nbsp;<strong>Ticketmaster<\/strong>&nbsp;M\u00e9xico, mientras que el 4 del mismo mes se abrir\u00e1 la venta al p\u00fablico en general.<\/p>\n\n\n\n<p><\/p>\n","protected":false},"excerpt":{"rendered":"<p>28 Enero, 2026 El cantautor colombiano&nbsp;Sebasti\u00e1n Yatra&nbsp;anunci\u00f3 este mi\u00e9rcoles su regreso a&nbsp;M\u00e9xico&nbsp;con su gira latinoamericana&#8230;<\/p>\n","protected":false},"author":1,"featured_media":7464,"comment_status":"open","ping_status":"open","sticky":false,"template":"","format":"standard","meta":{"footnotes":""},"categories":[7],"tags":[],"class_list":["post-7462","post","type-post","status-publish","format-standard","has-post-thumbnail","hentry","category-espectaculos"],"_links":{"self":[{"href":"https:\/\/noticierotamaulipeco.info\/index.php?rest_route=\/wp\/v2\/posts\/7462","targetHints":{"allow":["GET"]}}],"collection":[{"href":"https:\/\/noticierotamaulipeco.info\/index.php?rest_route=\/wp\/v2\/posts"}],"about":[{"href":"https:\/\/noticierotamaulipeco.info\/index.php?rest_route=\/wp\/v2\/types\/post"}],"author":[{"embeddable":true,"href":"https:\/\/noticierotamaulipeco.info\/index.php?rest_route=\/wp\/v2\/users\/1"}],"replies":[{"embeddable":true,"href":"https:\/\/noticierotamaulipeco.info\/index.php?rest_route=%2Fwp%2Fv2%2Fcomments&post=7462"}],"version-history":[{"count":1,"href":"https:\/\/noticierotamaulipeco.info\/index.php?rest_route=\/wp\/v2\/posts\/7462\/revisions"}],"predecessor-version":[{"id":7465,"href":"https:\/\/noticierotamaulipeco.info\/index.php?rest_route=\/wp\/v2\/posts\/7462\/revisions\/7465"}],"wp:featuredmedia":[{"embeddable":true,"href":"https:\/\/noticierotamaulipeco.info\/index.php?rest_route=\/wp\/v2\/media\/7464"}],"wp:attachment":[{"href":"https:\/\/noticierotamaulipeco.info\/index.php?rest_route=%2Fwp%2Fv2%2Fmedia&parent=7462"}],"wp:term":[{"taxonomy":"category","embeddable":true,"href":"https:\/\/noticierotamaulipeco.info\/index.php?rest_route=%2Fwp%2Fv2%2Fcategories&post=7462"},{"taxonomy":"post_tag","embeddable":true,"href":"https:\/\/noticierotamaulipeco.info\/index.php?rest_route=%2Fwp%2Fv2%2Ftags&post=7462"}],"curies":[{"name":"wp","href":"https:\/\/api.w.org\/{rel}","templated":true}]}}