{"id":7520,"date":"2026-02-09T18:56:31","date_gmt":"2026-02-09T18:56:31","guid":{"rendered":"https:\/\/noticierotamaulipeco.info\/?p=7520"},"modified":"2026-02-09T18:56:32","modified_gmt":"2026-02-09T18:56:32","slug":"minera-vizsla-silver-confirma-muerte-de-trabajadores-en-sinaloa","status":"publish","type":"post","link":"https:\/\/noticierotamaulipeco.info\/?p=7520","title":{"rendered":"Minera Vizsla Silver confirma muerte de trabajadores en Sinaloa"},"content":{"rendered":"\n<p>09 Febrero, 2026<\/p>\n\n\n\n<p>Tras la desaparici\u00f3n de trabajadores en&nbsp;<strong>Concordia, Sinaloa<\/strong>, la minera canadiense&nbsp;<em><strong>Vizsla Silver<\/strong><\/em>&nbsp;confirm\u00f3 que fue notificada sobre&nbsp;<strong>la localizaci\u00f3n sin vida<\/strong>&nbsp;de algunos de ellos, mientras espera la confirmaci\u00f3n oficial de las autoridades mexicanas.<\/p>\n\n\n\n<p>En un comunicado emitido desde Vancouver, Canad\u00e1, la empresa inform\u00f3 que el<strong>&nbsp;aviso provino de familiares<\/strong>&nbsp;de los trabajadores que fueron privados de la libertad en el \u00e1rea donde se desarrolla el proyecto minero.<\/p>\n\n\n\n<p>El presidente y director general de Vizsla Silver,&nbsp;<strong>Michael Konnert<\/strong>, afirm\u00f3 que&nbsp;<strong>la empresa est\u00e1 \u201cdevastada<\/strong>&nbsp;por este desenlace y por las tr\u00e1gicas p\u00e9rdidas\u201d, y expres\u00f3 sus condolencias a las familias, amigos y a la comunidad de Concordia.<\/p>\n\n\n\n<p>A\u00f1adi\u00f3 que contin\u00faan los esfuerzos para&nbsp;<strong>localizar con vida<\/strong>&nbsp;a quienes permanecen desaparecidos.<\/p>\n\n\n\n<p>La compa\u00f1\u00eda no precis\u00f3 el n\u00famero de trabajadores localizados&nbsp;<strong>ni las circunstancias<\/strong>&nbsp;de los hechos, al se\u00f1alar que esa informaci\u00f3n deber\u00e1 ser confirmada por las autoridades mexicanas.<\/p>\n\n\n\n<p>En las \u00faltimas, medios de comunicaci\u00f3n de Sinaloa dieron a conocer la\u00a0<strong>identificaci\u00f3n de un cuarto minero<\/strong>, Antonio de la O Valdez; sin embargo, se espera confirmaci\u00f3n oficial.<\/p>\n\n\n\n<p>Este domingo fue reportada la&nbsp;<strong>identificaci\u00f3n de tres de los 10 trabajadores<\/strong>&nbsp;mineros desaparecidos desde el pasado 23 de enero en el municipio de Concordia, Sinaloa, cuyos cuerpos fueron localizados en fosas clandestinas en la comunidad de El Verde.<\/p>\n\n\n\n<p>Al respecto, el colectivo&nbsp;<strong>Madres Buscadoras de Sonora<\/strong>&nbsp;sostiene que en el predio de El Verde no solo estar\u00edan sepultados los 10 trabajadores mineros reportados como desaparecidos, sino m\u00e1s de 20 personas.<\/p>\n\n\n\n<p>Los mineros, trabajadores del proyecto de la empresa canadiense Vizsla Silver, habr\u00edan sido privados ilegalmente de la libertad por un comando armado la ma\u00f1ana del 23 de enero, de acuerdo con&nbsp;<strong>versiones de sus familiares<\/strong>.<\/p>\n\n\n\n<p>Entre las v\u00edctimas identificadas se encuentra&nbsp;<strong>Jos\u00e9 \u00c1ngel Hern\u00e1ndez V\u00e9lez,<\/strong>&nbsp;ingeniero minero originario de Ca\u00f1itas de Felipe Pescador, Zacatecas; su cuerpo fue localizado en la fosa clandestina descubierta el pasado 6 de febrero y su identidad fue confirmada mediante estudios forenses y gen\u00e9ticos.<\/p>\n\n\n\n<p>Tambi\u00e9n fue identificado&nbsp;<strong>Ignacio Aurelio Salazar Flores,&nbsp;<\/strong>ingeniero ge\u00f3logo originario de Sombrerete, Zacatecas. Su identidad fue confirmada tanto por familiares como por fuentes de la Fiscal\u00eda del estado de Zacatecas, seg\u00fan medios locales.<\/p>\n\n\n\n<p>El tercer trabajador identificado es&nbsp;<strong>Jos\u00e9 Manuel Casta\u00f1eda Hern\u00e1ndez<\/strong>, ge\u00f3logo, cuyo cuerpo fue localizado en la misma fosa clandestina y reconocido mediante pruebas forenses.<\/p>\n\n\n\n<p>De acuerdo con la informaci\u00f3n disponible, los cuerpos se encontraban en&nbsp;<strong>avanzado estado de descomposici\u00f3n<\/strong>, lo que hizo necesarios an\u00e1lisis especializados para su identificaci\u00f3n.<\/p>\n\n\n\n<p><\/p>\n","protected":false},"excerpt":{"rendered":"<p>09 Febrero, 2026 Tras la desaparici\u00f3n de trabajadores en&nbsp;Concordia, Sinaloa, la minera canadiense&nbsp;Vizsla Silver&nbsp;confirm\u00f3 que&#8230;<\/p>\n","protected":false},"author":1,"featured_media":7521,"comment_status":"open","ping_status":"open","sticky":false,"template":"","format":"standard","meta":{"footnotes":""},"categories":[3],"tags":[],"class_list":["post-7520","post","type-post","status-publish","format-standard","has-post-thumbnail","hentry","category-mexico"],"_links":{"self":[{"href":"https:\/\/noticierotamaulipeco.info\/index.php?rest_route=\/wp\/v2\/posts\/7520","targetHints":{"allow":["GET"]}}],"collection":[{"href":"https:\/\/noticierotamaulipeco.info\/index.php?rest_route=\/wp\/v2\/posts"}],"about":[{"href":"https:\/\/noticierotamaulipeco.info\/index.php?rest_route=\/wp\/v2\/types\/post"}],"author":[{"embeddable":true,"href":"https:\/\/noticierotamaulipeco.info\/index.php?rest_route=\/wp\/v2\/users\/1"}],"replies":[{"embeddable":true,"href":"https:\/\/noticierotamaulipeco.info\/index.php?rest_route=%2Fwp%2Fv2%2Fcomments&post=7520"}],"version-history":[{"count":1,"href":"https:\/\/noticierotamaulipeco.info\/index.php?rest_route=\/wp\/v2\/posts\/7520\/revisions"}],"predecessor-version":[{"id":7522,"href":"https:\/\/noticierotamaulipeco.info\/index.php?rest_route=\/wp\/v2\/posts\/7520\/revisions\/7522"}],"wp:featuredmedia":[{"embeddable":true,"href":"https:\/\/noticierotamaulipeco.info\/index.php?rest_route=\/wp\/v2\/media\/7521"}],"wp:attachment":[{"href":"https:\/\/noticierotamaulipeco.info\/index.php?rest_route=%2Fwp%2Fv2%2Fmedia&parent=7520"}],"wp:term":[{"taxonomy":"category","embeddable":true,"href":"https:\/\/noticierotamaulipeco.info\/index.php?rest_route=%2Fwp%2Fv2%2Fcategories&post=7520"},{"taxonomy":"post_tag","embeddable":true,"href":"https:\/\/noticierotamaulipeco.info\/index.php?rest_route=%2Fwp%2Fv2%2Ftags&post=7520"}],"curies":[{"name":"wp","href":"https:\/\/api.w.org\/{rel}","templated":true}]}}