{"id":7563,"date":"2026-02-13T16:34:04","date_gmt":"2026-02-13T16:34:04","guid":{"rendered":"https:\/\/noticierotamaulipeco.info\/?p=7563"},"modified":"2026-02-13T16:34:05","modified_gmt":"2026-02-13T16:34:05","slug":"leon-xiv-propone-durante-la-cuaresma-el-ayuno-del-lenguaje-del-odio","status":"publish","type":"post","link":"https:\/\/noticierotamaulipeco.info\/?p=7563","title":{"rendered":"Le\u00f3n XIV propone durante la Cuaresma \u201cel ayuno\u201d del lenguaje del odio"},"content":{"rendered":"\n<p>13 Febrero, 2026<\/p>\n\n\n\n<p>El&nbsp;<strong>papa Le\u00f3n XIV<\/strong>&nbsp;propuso que en la&nbsp;<strong>Cuaresma<\/strong>, el periodo que precede la Semana Santa y en el que los cat\u00f3licos suelen llevar a cabo algunas privaciones, se haga un \u201c<strong>ayuno<\/strong>\u201d del&nbsp;<strong>lenguaje<\/strong>&nbsp;y se&nbsp;<strong>eviten<\/strong>&nbsp;las&nbsp;<strong>palabras de odio<\/strong>&nbsp;y que hieren en familia, en los debates pol\u00edticos o en la comunicaci\u00f3n.<\/p>\n\n\n\n<p>As\u00ed se lee en el\u00a0tradicional mensaje para la Cuaresma\u00a0del pont\u00edfice que fue publicado este viernes 13 de febrero de 2026 y donde adem\u00e1s de invitar a la abstinencia de alimento insta a \u201cincluir tambi\u00e9n otras formas de privaci\u00f3n destinadas a hacernos adquirir un estilo de vida m\u00e1s sobrio, ya que s\u00f3lo la austeridad hace fuerte y aut\u00e9ntica la vida cristiana\u201d.<\/p>\n\n\n\n<p>Y al respecto, propuso \u201cuna forma de abstinencia muy concreta y a menudo poco apreciada, es decir, la de abstenerse de utilizar palabras que afectan y lastiman a nuestro pr\u00f3jimo\u201d.<\/p>\n\n\n\n<p>\u201cEmpecemos a desarmar el lenguaje, renunciando a las palabras hirientes, al juicio inmediato, a hablar mal de quienes est\u00e1n ausentes y no pueden defenderse, a las calumnias\u201d, a\u00f1adi\u00f3 el pont\u00edfice estadounidense en su mensaje.<\/p>\n\n\n\n<p>Le\u00f3n XIV pidi\u00f3 adem\u00e1s \u201caprender a medir las palabras y a cultivar la amabilidad: en la familia, entre amigos, en el lugar de trabajo, en las redes sociales, en los debates pol\u00edticos, en los medios de comunicaci\u00f3n y en las comunidades cristianas\u201d.<\/p>\n\n\n\n<p>Asegur\u00f3 que \u201centonces, muchas palabras de odio dar\u00e1n paso a palabras de esperanza y paz\u201d.<\/p>\n\n\n\n<p>El papa espera \u201cvivir una Cuaresma que haga m\u00e1s atento nuestro o\u00eddo a Dios y a los m\u00e1s necesitados\u201d. \u201cPidamos la fuerza de un ayuno que alcance tambi\u00e9n a la lengua, para que disminuyan las palabras que hieren y crezca el espacio para la voz de los dem\u00e1s\u201d.<\/p>\n\n\n\n<p>Invit\u00f3 a que en las comunidades cristianas \u201cse conviertan en lugares donde el grito de los que sufren encuentre acogida y la escucha genere caminos de liberaci\u00f3n, haci\u00e9ndonos m\u00e1s dispuestos y diligentes para contribuir a edificar la civilizaci\u00f3n del amor\u201d.<\/p>\n\n\n\n<p><\/p>\n","protected":false},"excerpt":{"rendered":"<p>13 Febrero, 2026 El&nbsp;papa Le\u00f3n XIV&nbsp;propuso que en la&nbsp;Cuaresma, el periodo que precede la Semana&#8230;<\/p>\n","protected":false},"author":1,"featured_media":7564,"comment_status":"open","ping_status":"open","sticky":false,"template":"","format":"standard","meta":{"footnotes":""},"categories":[5],"tags":[],"class_list":["post-7563","post","type-post","status-publish","format-standard","has-post-thumbnail","hentry","category-internacional"],"_links":{"self":[{"href":"https:\/\/noticierotamaulipeco.info\/index.php?rest_route=\/wp\/v2\/posts\/7563","targetHints":{"allow":["GET"]}}],"collection":[{"href":"https:\/\/noticierotamaulipeco.info\/index.php?rest_route=\/wp\/v2\/posts"}],"about":[{"href":"https:\/\/noticierotamaulipeco.info\/index.php?rest_route=\/wp\/v2\/types\/post"}],"author":[{"embeddable":true,"href":"https:\/\/noticierotamaulipeco.info\/index.php?rest_route=\/wp\/v2\/users\/1"}],"replies":[{"embeddable":true,"href":"https:\/\/noticierotamaulipeco.info\/index.php?rest_route=%2Fwp%2Fv2%2Fcomments&post=7563"}],"version-history":[{"count":1,"href":"https:\/\/noticierotamaulipeco.info\/index.php?rest_route=\/wp\/v2\/posts\/7563\/revisions"}],"predecessor-version":[{"id":7565,"href":"https:\/\/noticierotamaulipeco.info\/index.php?rest_route=\/wp\/v2\/posts\/7563\/revisions\/7565"}],"wp:featuredmedia":[{"embeddable":true,"href":"https:\/\/noticierotamaulipeco.info\/index.php?rest_route=\/wp\/v2\/media\/7564"}],"wp:attachment":[{"href":"https:\/\/noticierotamaulipeco.info\/index.php?rest_route=%2Fwp%2Fv2%2Fmedia&parent=7563"}],"wp:term":[{"taxonomy":"category","embeddable":true,"href":"https:\/\/noticierotamaulipeco.info\/index.php?rest_route=%2Fwp%2Fv2%2Fcategories&post=7563"},{"taxonomy":"post_tag","embeddable":true,"href":"https:\/\/noticierotamaulipeco.info\/index.php?rest_route=%2Fwp%2Fv2%2Ftags&post=7563"}],"curies":[{"name":"wp","href":"https:\/\/api.w.org\/{rel}","templated":true}]}}