{"id":7566,"date":"2026-02-13T16:51:16","date_gmt":"2026-02-13T16:51:16","guid":{"rendered":"https:\/\/noticierotamaulipeco.info\/?p=7566"},"modified":"2026-02-13T16:51:17","modified_gmt":"2026-02-13T16:51:17","slug":"maluma-lanza-con-el-corazon-cancion-que-grabo-con-yeison-jimenez-antes-de-su-muerte","status":"publish","type":"post","link":"https:\/\/noticierotamaulipeco.info\/?p=7566","title":{"rendered":"Maluma lanza &#8216;Con el coraz\u00f3n&#8217;, canci\u00f3n que grab\u00f3 con Yeison Jim\u00e9nez antes de su muerte"},"content":{"rendered":"\n<p>13 Febrero, 2026<\/p>\n\n\n\n<p>El cantante colombiano Maluma lanz\u00f3 este jueves Con el coraz\u00f3n, una colaboraci\u00f3n que grab\u00f3 el 10 de diciembre en Medell\u00edn junto a Yeison Jim\u00e9nez y que se convierte en el \u00faltimo registro musical oficial del int\u00e9rprete de m\u00fasica popular, fallecido el pasado 10 de enero.<\/p>\n\n\n\n<p>El tema fue dado a conocer a trav\u00e9s de las plataformas digitales del artista urbano y forma parte de un material que ya se encontraba terminado antes del accidente en el que muri\u00f3 Jim\u00e9nez.<\/p>\n\n\n\n<p>De acuerdo con el equipo del cantante fallecido, la canci\u00f3n surgi\u00f3 como una colaboraci\u00f3n entre dos figuras de g\u00e9neros distintos dentro de la m\u00fasica colombiana, y su publicaci\u00f3n responde a un acuerdo previo entre ambas partes.<\/p>\n\n\n\n<p>Yeison Jim\u00e9nez, de 34 a\u00f1os, falleci\u00f3 el 10 de enero cuando el avi\u00f3n en el que viajaba se estrell\u00f3 en una zona rural del departamento de Boyac\u00e1, en el centro de Colombia, poco despu\u00e9s de despegar del aeropuerto de Paipa.<\/p>\n\n\n\n<p>En el accidente tambi\u00e9n murieron otras cinco personas, entre ellas miembros de su equipo de trabajo y el piloto de la aeronave.<\/p>\n\n\n\n<p>Las autoridades aeron\u00e1uticas mantienen abiertas las investigaciones para determinar las causas del siniestro.<\/p>\n\n\n\n<p>La sesi\u00f3n de grabaci\u00f3n de Con el coraz\u00f3n se realiz\u00f3 en Medell\u00edn durante una jornada de trabajo que incluy\u00f3 tomas audiovisuales y material fotogr\u00e1fico, utilizado posteriormente para el lanzamiento del sencillo.<\/p>\n\n\n\n<p>El tema fue presentado junto con un video que incluye im\u00e1genes registradas durante esa sesi\u00f3n, adem\u00e1s de fotograf\u00edas captadas por el realizador David Bernal.<\/p>\n\n\n\n<p>Desde el equipo de Maluma se\u00f1alaron que el lanzamiento se realiz\u00f3 en coordinaci\u00f3n con la familia y representantes del cantante fallecido.<\/p>\n\n\n\n<p>Con el coraz\u00f3n se suma ahora al cat\u00e1logo oficial de Yeison Jim\u00e9nez como su \u00faltimo lanzamiento in\u00e9dito tras su muerte, mientras su discograf\u00eda contin\u00faa disponible en plataformas digitales.<\/p>\n\n\n\n<p>El estreno tambi\u00e9n marca una de las colaboraciones m\u00e1s recientes entre exponentes de la m\u00fasica urbana y popular colombiana.<\/p>\n\n\n\n<p><\/p>\n\n\n\n<p><\/p>\n","protected":false},"excerpt":{"rendered":"<p>13 Febrero, 2026 El cantante colombiano Maluma lanz\u00f3 este jueves Con el coraz\u00f3n, una colaboraci\u00f3n&#8230;<\/p>\n","protected":false},"author":1,"featured_media":7567,"comment_status":"open","ping_status":"open","sticky":false,"template":"","format":"standard","meta":{"footnotes":""},"categories":[7],"tags":[],"class_list":["post-7566","post","type-post","status-publish","format-standard","has-post-thumbnail","hentry","category-espectaculos"],"_links":{"self":[{"href":"https:\/\/noticierotamaulipeco.info\/index.php?rest_route=\/wp\/v2\/posts\/7566","targetHints":{"allow":["GET"]}}],"collection":[{"href":"https:\/\/noticierotamaulipeco.info\/index.php?rest_route=\/wp\/v2\/posts"}],"about":[{"href":"https:\/\/noticierotamaulipeco.info\/index.php?rest_route=\/wp\/v2\/types\/post"}],"author":[{"embeddable":true,"href":"https:\/\/noticierotamaulipeco.info\/index.php?rest_route=\/wp\/v2\/users\/1"}],"replies":[{"embeddable":true,"href":"https:\/\/noticierotamaulipeco.info\/index.php?rest_route=%2Fwp%2Fv2%2Fcomments&post=7566"}],"version-history":[{"count":1,"href":"https:\/\/noticierotamaulipeco.info\/index.php?rest_route=\/wp\/v2\/posts\/7566\/revisions"}],"predecessor-version":[{"id":7568,"href":"https:\/\/noticierotamaulipeco.info\/index.php?rest_route=\/wp\/v2\/posts\/7566\/revisions\/7568"}],"wp:featuredmedia":[{"embeddable":true,"href":"https:\/\/noticierotamaulipeco.info\/index.php?rest_route=\/wp\/v2\/media\/7567"}],"wp:attachment":[{"href":"https:\/\/noticierotamaulipeco.info\/index.php?rest_route=%2Fwp%2Fv2%2Fmedia&parent=7566"}],"wp:term":[{"taxonomy":"category","embeddable":true,"href":"https:\/\/noticierotamaulipeco.info\/index.php?rest_route=%2Fwp%2Fv2%2Fcategories&post=7566"},{"taxonomy":"post_tag","embeddable":true,"href":"https:\/\/noticierotamaulipeco.info\/index.php?rest_route=%2Fwp%2Fv2%2Ftags&post=7566"}],"curies":[{"name":"wp","href":"https:\/\/api.w.org\/{rel}","templated":true}]}}