{"id":7598,"date":"2026-02-16T17:30:29","date_gmt":"2026-02-16T17:30:29","guid":{"rendered":"https:\/\/noticierotamaulipeco.info\/?p=7598"},"modified":"2026-02-17T17:39:13","modified_gmt":"2026-02-17T17:39:13","slug":"aldo-de-nigris-sufre-aparatosa-caida-en-carnaval-de-mazatlan","status":"publish","type":"post","link":"https:\/\/noticierotamaulipeco.info\/?p=7598","title":{"rendered":"Aldo De Nigris sufre aparatosa ca\u00edda en Carnaval de Mazatl\u00e1n"},"content":{"rendered":"\n<p>16 Febrero, 2026<\/p>\n\n\n\n<p><strong>Aldo De Nigris<\/strong>\u00a0sufri\u00f3 una aparatosa\u00a0<strong>ca\u00edda<\/strong>\u00a0durante el\u00a0<strong>Carnaval de Mazatl\u00e1n<\/strong>, Sinaloa.<\/p>\n\n\n\n<p>El popular creador de contenido fue una de las celebridades invitadas al desfile del domingo 15 de febrero.<\/p>\n\n\n\n<p>De Nigris disfrutaba de la m\u00fasica y el \u00e1nimo de los asistentes cuando, de pronto, el carro aleg\u00f3rico en el que viajaba se detuvo un instante para inmediatamente despu\u00e9s arrancar.<\/p>\n\n\n\n<p>El hecho tom\u00f3 por sorpresa al&nbsp;<em>\u2018influencer<\/em>\u2018, quien no alcanz\u00f3 a agarrarse y cay\u00f3 de espalda.<\/p>\n\n\n\n<p>Videos en redes sociales muestran a Aldo caer de una plataforma redonda a la base de la misma. El movimiento hacia enfrente del veh\u00edculo lo hizo dar una marometa en el suelo.<\/p>\n\n\n\n<p>Tras la ca\u00edda, De Nigris se incorpor\u00f3 de inmediato y levant\u00f3 los pulgares para indicar a los asistentes al\u00a0Carnaval de Mazatl\u00e1n\u00a0y al personal de\u00a0<em>staff<\/em>\u00a0que se encontraba bien.<\/p>\n\n\n\n<p>Inclusive lanz\u00f3 al aire ganchos de boxeador y sigui\u00f3 levantando los brazos al escuchar a la gente nombrarlo.<\/p>\n\n\n\n<p>Usuarios en redes sociales externaron preocupaci\u00f3n por la joven celebridad al precisar que el golpe de la ca\u00edda se lo llev\u00f3 en la cadera, zona sensible del cuerpo humano.<\/p>\n\n\n\n<p><\/p>\n","protected":false},"excerpt":{"rendered":"<p>16 Febrero, 2026 Aldo De Nigris\u00a0sufri\u00f3 una aparatosa\u00a0ca\u00edda\u00a0durante el\u00a0Carnaval de Mazatl\u00e1n, Sinaloa. El popular creador&#8230;<\/p>\n","protected":false},"author":1,"featured_media":7599,"comment_status":"open","ping_status":"open","sticky":false,"template":"","format":"standard","meta":{"footnotes":""},"categories":[7],"tags":[],"class_list":["post-7598","post","type-post","status-publish","format-standard","has-post-thumbnail","hentry","category-espectaculos"],"_links":{"self":[{"href":"https:\/\/noticierotamaulipeco.info\/index.php?rest_route=\/wp\/v2\/posts\/7598","targetHints":{"allow":["GET"]}}],"collection":[{"href":"https:\/\/noticierotamaulipeco.info\/index.php?rest_route=\/wp\/v2\/posts"}],"about":[{"href":"https:\/\/noticierotamaulipeco.info\/index.php?rest_route=\/wp\/v2\/types\/post"}],"author":[{"embeddable":true,"href":"https:\/\/noticierotamaulipeco.info\/index.php?rest_route=\/wp\/v2\/users\/1"}],"replies":[{"embeddable":true,"href":"https:\/\/noticierotamaulipeco.info\/index.php?rest_route=%2Fwp%2Fv2%2Fcomments&post=7598"}],"version-history":[{"count":1,"href":"https:\/\/noticierotamaulipeco.info\/index.php?rest_route=\/wp\/v2\/posts\/7598\/revisions"}],"predecessor-version":[{"id":7600,"href":"https:\/\/noticierotamaulipeco.info\/index.php?rest_route=\/wp\/v2\/posts\/7598\/revisions\/7600"}],"wp:featuredmedia":[{"embeddable":true,"href":"https:\/\/noticierotamaulipeco.info\/index.php?rest_route=\/wp\/v2\/media\/7599"}],"wp:attachment":[{"href":"https:\/\/noticierotamaulipeco.info\/index.php?rest_route=%2Fwp%2Fv2%2Fmedia&parent=7598"}],"wp:term":[{"taxonomy":"category","embeddable":true,"href":"https:\/\/noticierotamaulipeco.info\/index.php?rest_route=%2Fwp%2Fv2%2Fcategories&post=7598"},{"taxonomy":"post_tag","embeddable":true,"href":"https:\/\/noticierotamaulipeco.info\/index.php?rest_route=%2Fwp%2Fv2%2Ftags&post=7598"}],"curies":[{"name":"wp","href":"https:\/\/api.w.org\/{rel}","templated":true}]}}