{"id":7623,"date":"2026-02-19T15:47:41","date_gmt":"2026-02-19T15:47:41","guid":{"rendered":"https:\/\/noticierotamaulipeco.info\/?p=7623"},"modified":"2026-02-20T15:51:15","modified_gmt":"2026-02-20T15:51:15","slug":"trump-afirma-que-la-fifa-ayudara-a-recaudar-75-mdd-para-gaza","status":"publish","type":"post","link":"https:\/\/noticierotamaulipeco.info\/?p=7623","title":{"rendered":"Trump afirma que la FIFA ayudar\u00e1 a recaudar 75 mdd para Gaza"},"content":{"rendered":"\n<p>19 Febrero, 2026<\/p>\n\n\n\n<p>El presidente de\u00a0<strong>Estados Unidos,\u00a0Donald\u00a0Trump<\/strong>, anunci\u00f3 que la\u00a0<strong>FIFA<\/strong>\u00a0ayudar\u00e1 a recaudar un total de<strong>\u00a075 millones de d\u00f3lares<\/strong>\u00a0para proyectos en\u00a0<strong>Gaza<\/strong>\u00a0relacionados con el\u00a0<strong>futbol<\/strong>.<\/p>\n\n\n\n<p>Trump inform\u00f3 sobre este compromiso durante su intervenci\u00f3n en la primera reuni\u00f3n de la Junta de Paz impulsada por el mandatario para solucionar conflictos mundiales, empezando por el de la Franja.<\/p>\n\n\n\n<blockquote class=\"wp-block-quote is-layout-flow wp-block-quote-is-layout-flow\">\n<p>Est\u00e1s haciendo campos y est\u00e1s consiguiendo que las mejores estrellas del mundo vayan all\u00ed, gente que es m\u00e1s grande que t\u00fa y que yo\u201d, le dijo Trump al presidente de la FIFA,&nbsp;<strong>Gianni Infantino<\/strong>.<\/p>\n<\/blockquote>\n\n\n\n<p>El republicano asegur\u00f3 que pronto aportar\u00e1n m\u00e1s detalles sobre estos proyectos.<\/p>\n\n\n\n<p>\u201cGianni va a traer a las estrellas a la zona, y son muy conocidas\u201d, asegur\u00f3.<\/p>\n\n\n\n<p>El pasado mes de diciembre, durante el evento previo al sorteo del Mundial de f\u00fatbol de 2026, que EE.UU. organiza junto a M\u00e9xico y Canad\u00e1, Trump fue galardonado con el primer premio FIFA de la Paz por su \u201cacci\u00f3n extraordinaria\u201d, seg\u00fan explic\u00f3 el m\u00e1ximo organismo del futbol.<\/p>\n\n\n\n<p>\u201cMe dieron su primer Premio de la Paz. Me dieron un premio de la paz. Creo que vieron que Noruega me hab\u00eda estafado, y dijeron: \u2018D\u00e9mosle un premio de la paz\u2019. Gracias Gianni\u201d, subray\u00f3.<\/p>\n\n\n\n<p>Durante su intervenci\u00f3n, el republicano anunci\u00f3 a su vez que Estados Unidos aportar\u00e1 10.000 millones de d\u00f3lares en la Junta de la Paz, mientras que otros pa\u00edses participantes han prometido hasta 7.000 millones de d\u00f3lares para la reconstrucci\u00f3n de Gaza.<\/p>\n\n\n\n<p>El republicano recibi\u00f3 este jueves a l\u00edderes y representantes de m\u00e1s de 40 pa\u00edses que llegaron a Washington para participar en calidad de miembros y observadores en la primera reuni\u00f3n de la Junta de Paz.<\/p>\n\n\n\n<p>\u201cCreo que es la junta directiva m\u00e1s importante, sin duda en t\u00e9rminos de poder y prestigio. Nunca ha habido nada parecido, porque estos son los l\u00edderes mundiales m\u00e1s importantes\u201d, dijo Trump al abrir la cita.<\/p>\n\n\n\n<p>Los presidentes de Argentina, Javier Milei, y Paraguay, Santiago Pe\u00f1a, y el primer ministro de Hungr\u00eda, Viktor Orb\u00e1n, asisten a la reuni\u00f3n, entre otros mandatarios y altos representantes invitados.<\/p>\n\n\n\n<p><\/p>\n","protected":false},"excerpt":{"rendered":"<p>19 Febrero, 2026 El presidente de\u00a0Estados Unidos,\u00a0Donald\u00a0Trump, anunci\u00f3 que la\u00a0FIFA\u00a0ayudar\u00e1 a recaudar un total de\u00a075&#8230;<\/p>\n","protected":false},"author":1,"featured_media":7624,"comment_status":"open","ping_status":"open","sticky":false,"template":"","format":"standard","meta":{"footnotes":""},"categories":[6],"tags":[],"class_list":["post-7623","post","type-post","status-publish","format-standard","has-post-thumbnail","hentry","category-deportes"],"_links":{"self":[{"href":"https:\/\/noticierotamaulipeco.info\/index.php?rest_route=\/wp\/v2\/posts\/7623","targetHints":{"allow":["GET"]}}],"collection":[{"href":"https:\/\/noticierotamaulipeco.info\/index.php?rest_route=\/wp\/v2\/posts"}],"about":[{"href":"https:\/\/noticierotamaulipeco.info\/index.php?rest_route=\/wp\/v2\/types\/post"}],"author":[{"embeddable":true,"href":"https:\/\/noticierotamaulipeco.info\/index.php?rest_route=\/wp\/v2\/users\/1"}],"replies":[{"embeddable":true,"href":"https:\/\/noticierotamaulipeco.info\/index.php?rest_route=%2Fwp%2Fv2%2Fcomments&post=7623"}],"version-history":[{"count":1,"href":"https:\/\/noticierotamaulipeco.info\/index.php?rest_route=\/wp\/v2\/posts\/7623\/revisions"}],"predecessor-version":[{"id":7625,"href":"https:\/\/noticierotamaulipeco.info\/index.php?rest_route=\/wp\/v2\/posts\/7623\/revisions\/7625"}],"wp:featuredmedia":[{"embeddable":true,"href":"https:\/\/noticierotamaulipeco.info\/index.php?rest_route=\/wp\/v2\/media\/7624"}],"wp:attachment":[{"href":"https:\/\/noticierotamaulipeco.info\/index.php?rest_route=%2Fwp%2Fv2%2Fmedia&parent=7623"}],"wp:term":[{"taxonomy":"category","embeddable":true,"href":"https:\/\/noticierotamaulipeco.info\/index.php?rest_route=%2Fwp%2Fv2%2Fcategories&post=7623"},{"taxonomy":"post_tag","embeddable":true,"href":"https:\/\/noticierotamaulipeco.info\/index.php?rest_route=%2Fwp%2Fv2%2Ftags&post=7623"}],"curies":[{"name":"wp","href":"https:\/\/api.w.org\/{rel}","templated":true}]}}