{"id":7626,"date":"2026-02-19T15:51:16","date_gmt":"2026-02-19T15:51:16","guid":{"rendered":"https:\/\/noticierotamaulipeco.info\/?p=7626"},"modified":"2026-02-20T15:53:23","modified_gmt":"2026-02-20T15:53:23","slug":"mario-avila-ofrecera-concierto-en-el-lunario-del-auditorio-nacional","status":"publish","type":"post","link":"https:\/\/noticierotamaulipeco.info\/?p=7626","title":{"rendered":"Mario \u00c1vila ofrecer\u00e1 concierto en el Lunario del Auditorio Nacional"},"content":{"rendered":"\n<p>19 Febrero, 2026<\/p>\n\n\n\n<p><strong>Mario \u00c1vila<\/strong>, colaborador de&nbsp;<em>Grupo F\u00f3rmula<\/em>, cuenta tambi\u00e9n con una amplia trayectoria musical.<\/p>\n\n\n\n<p>Es un destacado&nbsp;<strong>pianista<\/strong>&nbsp;y compositor&nbsp;de m\u00fasica contempor\u00e1nea y cl\u00e1sica.<\/p>\n\n\n\n<p>Su afici\u00f3n por el piano comenz\u00f3 en la ni\u00f1ez, gracias al instrumento que sus padres ten\u00edan en casa.<\/p>\n\n\n\n<blockquote class=\"wp-block-quote is-layout-flow wp-block-quote-is-layout-flow\">\n<p>Lo m\u00edo es improvisar y componer\u201d, refiri\u00f3 en una entrevista con&nbsp;<em>Janett Arceo<\/em>.<\/p>\n<\/blockquote>\n\n\n\n<p>El pr\u00f3ximo&nbsp;<strong>5 de marzo<\/strong>,&nbsp;<strong>Mario \u00c1vila<\/strong>&nbsp;se presentar\u00e1 en el&nbsp;<strong>Lunario<\/strong>&nbsp;del&nbsp;<strong>Auditorio Nacional<\/strong>.<\/p>\n\n\n\n<p>Ofrecer\u00e1 un concierto con obras originales y covers de piano. Adem\u00e1s, estar\u00e1 acompa\u00f1ado de varios cantantes invitados.<\/p>\n\n\n\n<blockquote class=\"wp-block-quote is-layout-flow wp-block-quote-is-layout-flow\">\n<p>Una experiencia \u00fanica para disfrutar del piano y la interpretaci\u00f3n vocal\u201d, promete el concierto.<\/p>\n<\/blockquote>\n\n\n\n<p>Los boletos para el concierto de Mario \u00c1vila en el Lunario est\u00e1n disponibles en\u00a0<em>Ticketmaster<\/em>.<\/p>\n","protected":false},"excerpt":{"rendered":"<p>19 Febrero, 2026 Mario \u00c1vila, colaborador de&nbsp;Grupo F\u00f3rmula, cuenta tambi\u00e9n con una amplia trayectoria musical&#8230;.<\/p>\n","protected":false},"author":1,"featured_media":7627,"comment_status":"open","ping_status":"open","sticky":false,"template":"","format":"standard","meta":{"footnotes":""},"categories":[7],"tags":[],"class_list":["post-7626","post","type-post","status-publish","format-standard","has-post-thumbnail","hentry","category-espectaculos"],"_links":{"self":[{"href":"https:\/\/noticierotamaulipeco.info\/index.php?rest_route=\/wp\/v2\/posts\/7626","targetHints":{"allow":["GET"]}}],"collection":[{"href":"https:\/\/noticierotamaulipeco.info\/index.php?rest_route=\/wp\/v2\/posts"}],"about":[{"href":"https:\/\/noticierotamaulipeco.info\/index.php?rest_route=\/wp\/v2\/types\/post"}],"author":[{"embeddable":true,"href":"https:\/\/noticierotamaulipeco.info\/index.php?rest_route=\/wp\/v2\/users\/1"}],"replies":[{"embeddable":true,"href":"https:\/\/noticierotamaulipeco.info\/index.php?rest_route=%2Fwp%2Fv2%2Fcomments&post=7626"}],"version-history":[{"count":1,"href":"https:\/\/noticierotamaulipeco.info\/index.php?rest_route=\/wp\/v2\/posts\/7626\/revisions"}],"predecessor-version":[{"id":7628,"href":"https:\/\/noticierotamaulipeco.info\/index.php?rest_route=\/wp\/v2\/posts\/7626\/revisions\/7628"}],"wp:featuredmedia":[{"embeddable":true,"href":"https:\/\/noticierotamaulipeco.info\/index.php?rest_route=\/wp\/v2\/media\/7627"}],"wp:attachment":[{"href":"https:\/\/noticierotamaulipeco.info\/index.php?rest_route=%2Fwp%2Fv2%2Fmedia&parent=7626"}],"wp:term":[{"taxonomy":"category","embeddable":true,"href":"https:\/\/noticierotamaulipeco.info\/index.php?rest_route=%2Fwp%2Fv2%2Fcategories&post=7626"},{"taxonomy":"post_tag","embeddable":true,"href":"https:\/\/noticierotamaulipeco.info\/index.php?rest_route=%2Fwp%2Fv2%2Ftags&post=7626"}],"curies":[{"name":"wp","href":"https:\/\/api.w.org\/{rel}","templated":true}]}}