{"id":765,"date":"2023-11-07T18:26:00","date_gmt":"2023-11-07T18:26:00","guid":{"rendered":"https:\/\/noticierotamaulipeco.info\/?p=765"},"modified":"2023-11-08T06:28:33","modified_gmt":"2023-11-08T06:28:33","slug":"celebra-la-uamceh-uat-52-anos-de-formar-profesionales-de-excelencia","status":"publish","type":"post","link":"https:\/\/noticierotamaulipeco.info\/?p=765","title":{"rendered":"Celebra la UAMCEH UAT 52 a\u00f1os de formar profesionales de excelencia"},"content":{"rendered":"\n<figure class=\"wp-block-image size-large\"><img loading=\"lazy\" decoding=\"async\" width=\"1024\" height=\"683\" src=\"https:\/\/noticierotamaulipeco.info\/wp-content\/uploads\/2023\/11\/3-2-1024x683.jpg\" alt=\"\" class=\"wp-image-766\" srcset=\"https:\/\/noticierotamaulipeco.info\/wp-content\/uploads\/2023\/11\/3-2-1024x683.jpg 1024w, https:\/\/noticierotamaulipeco.info\/wp-content\/uploads\/2023\/11\/3-2-300x200.jpg 300w, https:\/\/noticierotamaulipeco.info\/wp-content\/uploads\/2023\/11\/3-2-768x512.jpg 768w, https:\/\/noticierotamaulipeco.info\/wp-content\/uploads\/2023\/11\/3-2-1536x1025.jpg 1536w, https:\/\/noticierotamaulipeco.info\/wp-content\/uploads\/2023\/11\/3-2.jpg 2048w\" sizes=\"auto, (max-width: 1024px) 100vw, 1024px\" \/><\/figure>\n\n\n\n<p>Ciudad Victoria, Tam.; 7 de noviembre de 2023.<br>Celebra la UAMCEH UAT 52 a\u00f1os de formar profesionales de<\/p>\n\n\n\n<p>excelencia<\/p>\n\n\n\n<p>La Unidad Acad\u00e9mica Multidisciplinaria de Ciencias, Educaci\u00f3n y Humanidades<br>(UAMCEH) de la Universidad Aut\u00f3noma de Tamaulipas (UAT), celebr\u00f3 el 52<br>Aniversario de su fundaci\u00f3n con una serie de actividades acad\u00e9micas, culturales y<br>deportivas.<br>El C.P. Guillermo Mendoza Cavazos, rector de la UAT, presidi\u00f3 la apertura<br>de eventos conmemorativos acompa\u00f1ado por la directora del plantel universitario,<br>Dra. Elsa Fernanda Gonz\u00e1lez Quintero, con la asistencia de estudiantes, docentes<br>y ex directivos de esta instituci\u00f3n acad\u00e9mica del Campus Victoria.<br>En ese marco, el rector inaugur\u00f3 la remodelaci\u00f3n del \u201cComedor Alces\u201d, que<br>ha sido reactivado para brindar de lunes a viernes el servicio de desayunos y<br>comidas a bajo costo en apoyo a los estudiantes for\u00e1neos y locales que as\u00ed lo<br>requieran.<br>En su oportunidad, el C.P. Guillermo Mendoza felicit\u00f3 a la comunidad<br>UAMCEH por celebrar 52 a\u00f1os de mantener un compromiso inquebrantable con la<br>excelencia educativa, formando generaciones de profesionales que han elevado el<br>estandarte de la UAT a lo m\u00e1s alto en el \u00e1mbito de las Ciencias de la Educaci\u00f3n y<br>las Humanidades.<br>Sostuvo que, parte importante del \u00e9xito, es que los programas acad\u00e9micos<br>contemplan dotar a los estudiantes de las competencias necesarias para afrontar y<br>resolver los desaf\u00edos del mundo contempor\u00e1neo.<br>Por su parte, la Dra. Elsa Fernanda Gonz\u00e1lez Quintero expres\u00f3 su<br>reconocimiento al rector porque con su apoyo se ha fortalecido la calidad <\/p>\n\n\n\n<p>educativa para brindar mejores servicios a los estudiantes que se preparan en los<br>diferentes programas de licenciatura y posgrado.<br>A su vez, destac\u00f3 la asistencia en el evento de los ex directores de la<br>UAMCEH, Mtro. Pedro Espinoza Baca, Mtro. Valent\u00edn \u00c1vila M\u00e1rquez, Mtra.<br>Cristina C\u00e1rdenas de la Garza y del M.V.Z. Antonio Puga Hern\u00e1ndez, as\u00ed como del<br>decano Dr. Jos\u00e9 Manuel Capello Garc\u00eda, a quienes expres\u00f3 tambi\u00e9n su<br>reconocimiento porque han sido part\u00edcipes de la ruta que se ha trazado para<br>conseguir la excelencia acad\u00e9mica.<br>La Dra. Gonz\u00e1lez Quintero subray\u00f3 tambi\u00e9n que la UAMCEH tiene como<br>principal fortaleza a sus estudiantes y docentes, y a quienes, como egresados,<br>reafirman el prestigio de una instituci\u00f3n que durante 52 a\u00f1os ha tenido firme el<br>compromiso de formar profesionistas que trascienden por su liderazgo en el<br>campo de las Ciencias de la Educaci\u00f3n y las Humanidades.<br>En el marco de la ceremonia conmemorativa efectuada en el auditorio de<br>esta Unidad Acad\u00e9mica, el rector Guillermo Mendoza hizo entrega de<br>reconocimientos a estudiantes que durante el ciclo escolar se han destacado en la<br>academia, la ciencia, el deporte y las artes, as\u00ed como en las actividades del nuevo<br>programa Vida UAT.<br>Al cierre de la jornada de actividades, se llev\u00f3 a cabo un emotivo encuentro<br>de convivencia en el espacio del \u00c1gora Cultural, en donde el rector, estudiantes,<br>docentes, personal administrativo y directivo celebraron con el tradicional pastel de<br>aniversario.<\/p>\n","protected":false},"excerpt":{"rendered":"<p>Ciudad Victoria, Tam.; 7 de noviembre de 2023.Celebra la UAMCEH UAT 52 a\u00f1os de formar&#8230;<\/p>\n","protected":false},"author":1,"featured_media":766,"comment_status":"open","ping_status":"open","sticky":false,"template":"","format":"standard","meta":{"footnotes":""},"categories":[4],"tags":[],"class_list":["post-765","post","type-post","status-publish","format-standard","has-post-thumbnail","hentry","category-educacion"],"_links":{"self":[{"href":"https:\/\/noticierotamaulipeco.info\/index.php?rest_route=\/wp\/v2\/posts\/765","targetHints":{"allow":["GET"]}}],"collection":[{"href":"https:\/\/noticierotamaulipeco.info\/index.php?rest_route=\/wp\/v2\/posts"}],"about":[{"href":"https:\/\/noticierotamaulipeco.info\/index.php?rest_route=\/wp\/v2\/types\/post"}],"author":[{"embeddable":true,"href":"https:\/\/noticierotamaulipeco.info\/index.php?rest_route=\/wp\/v2\/users\/1"}],"replies":[{"embeddable":true,"href":"https:\/\/noticierotamaulipeco.info\/index.php?rest_route=%2Fwp%2Fv2%2Fcomments&post=765"}],"version-history":[{"count":1,"href":"https:\/\/noticierotamaulipeco.info\/index.php?rest_route=\/wp\/v2\/posts\/765\/revisions"}],"predecessor-version":[{"id":767,"href":"https:\/\/noticierotamaulipeco.info\/index.php?rest_route=\/wp\/v2\/posts\/765\/revisions\/767"}],"wp:featuredmedia":[{"embeddable":true,"href":"https:\/\/noticierotamaulipeco.info\/index.php?rest_route=\/wp\/v2\/media\/766"}],"wp:attachment":[{"href":"https:\/\/noticierotamaulipeco.info\/index.php?rest_route=%2Fwp%2Fv2%2Fmedia&parent=765"}],"wp:term":[{"taxonomy":"category","embeddable":true,"href":"https:\/\/noticierotamaulipeco.info\/index.php?rest_route=%2Fwp%2Fv2%2Fcategories&post=765"},{"taxonomy":"post_tag","embeddable":true,"href":"https:\/\/noticierotamaulipeco.info\/index.php?rest_route=%2Fwp%2Fv2%2Ftags&post=765"}],"curies":[{"name":"wp","href":"https:\/\/api.w.org\/{rel}","templated":true}]}}