{"id":7716,"date":"2026-03-06T17:54:12","date_gmt":"2026-03-06T17:54:12","guid":{"rendered":"https:\/\/noticierotamaulipeco.info\/?p=7716"},"modified":"2026-03-06T17:54:12","modified_gmt":"2026-03-06T17:54:12","slug":"a-un-ano-colectivo-rechaza-version-de-fgr-sobre-rancho-izaguirre","status":"publish","type":"post","link":"https:\/\/noticierotamaulipeco.info\/?p=7716","title":{"rendered":"A un a\u00f1o, colectivo rechaza versi\u00f3n de FGR sobre Rancho Izaguirre"},"content":{"rendered":"\n<p>06 Marzo, 2026<\/p>\n\n\n\n<p>El colectivo&nbsp;<em><strong>Guerreros Buscadores de Jalisco<\/strong><\/em>&nbsp;refut\u00f3 la versi\u00f3n de la Fiscal\u00eda General de la Rep\u00fablica (<strong>FGR<\/strong>) sobre el Rancho Izaguirre, en Teuchitl\u00e1n, y reiter\u00f3 que en ese predio&nbsp;<strong>hubo asesinatos y procesos de calcinaci\u00f3n<\/strong>&nbsp;de restos humanos, no s\u00f3lo actividades de adiestramiento como sostiene la autoridad.<\/p>\n\n\n\n<p>En un comunicado difundido en sus redes sociales, al cumplirse un a\u00f1o del hallazgo del predio, las familias buscadoras afirmaron que la explicaci\u00f3n oficial&nbsp;<strong>deja fuera elementos<\/strong>&nbsp;que, aseguraron, est\u00e1n documentados dentro de la propia investigaci\u00f3n ministerial.<\/p>\n\n\n\n<blockquote class=\"wp-block-quote is-layout-flow wp-block-quote-is-layout-flow\">\n<p>Reducir lo ocurrido en ese lugar \u00fanicamente a un centro de adiestramiento o de reclutamiento forzado es ignorar una parte fundamental de lo que realmente sucedi\u00f3 ah\u00ed.<\/p>\n<\/blockquote>\n\n\n\n<p>La fiscal\u00eda insisti\u00f3 previamente, en un comunicado, que sus investigaciones\u00a0<strong>determinaron \u201cde manera clara y contundente\u201d<\/strong>\u00a0que el lugar era utilizado como un sitio de adiestramiento.<\/p>\n\n\n\n<p>Reiter\u00f3 que en el sitio se realizaban pr\u00e1cticas de tiro, acondicionamiento f\u00edsico y\u00a0<strong>simulaciones t\u00e1cticas<\/strong>, adem\u00e1s de que ah\u00ed se reclutaba forzadamente a personas.<\/p>\n\n\n\n<p>Sin embargo, mencion\u00f3 que a pesar de haber hallado restos \u00f3seos, prendas de vestir y otros indicios, a un a\u00f1o,\u00a0lleva un avance del 64.44%\u00a0del procesamiento del lugar.<\/p>\n\n\n\n<p>Las familias tambi\u00e9n<strong>&nbsp;cuestionaron el avance<\/strong>&nbsp;reportado por la fiscal\u00eda en el procesamiento del predio y subrayaron que ese porcentaje corresponde \u00fanicamente al trabajo realizado en superficie.<\/p>\n\n\n\n<blockquote class=\"wp-block-quote is-layout-flow wp-block-quote-is-layout-flow\">\n<p>Desde julio pasado el procesamiento profundo del predio se detuvo, dejando pendientes \u00e1reas fundamentales para la verdad.<\/p>\n<\/blockquote>\n\n\n\n<p>Sin embargo, el colectivo sostuvo que dentro de las declaraciones rendidas ante la fiscal\u00eda&nbsp;<strong>existen testimonios que refieren homicidios<\/strong>&nbsp;cometidos de manera sistem\u00e1tica en ese lugar.<\/p>\n\n\n\n<blockquote class=\"wp-block-quote is-layout-flow wp-block-quote-is-layout-flow\">\n<p>En ese predio hubo violencia, hubo dolor y hubo muerte. Muchas personas perdieron la vida en ese lugar.<\/p>\n<\/blockquote>\n\n\n\n<p>Tambi\u00e9n indicaron que dentro de las investigaciones existen registros que describen&nbsp;<strong>procesos de calcinaci\u00f3n de restos humano<\/strong>s mediante el uso de materiales y qu\u00edmicos que permit\u00edan mantener el fuego activo a altas temperaturas.<\/p>\n\n\n\n<p>\u201cA ello se suman an\u00e1lisis t\u00e9cnicos y&nbsp;<strong>estudios cient\u00edficos relacionados con procesos t\u00e9rmicos<\/strong>&nbsp;y degradaci\u00f3n por altas temperaturas, los cuales permiten entender que se alcanzaron condiciones compatibles con procesos intensos de calcinaci\u00f3n\u201d, expusieron.<\/p>\n\n\n\n<p>El colectivo record\u00f3 adem\u00e1s que cuando las autoridades ingresaron al predio<strong>&nbsp;se document\u00f3 el hallazgo de un cuerpo<\/strong>&nbsp;y el uso de armas de fuego de uso exclusivo del Ej\u00e9rcito, lo que \u2014dijeron\u2014 evidencia el nivel de violencia que se vivi\u00f3 en el sitio.<\/p>\n\n\n\n<p>En su posicionamiento, las familias insistieron en que su labor&nbsp;<strong>no responde a intereses pol\u00edticos<\/strong>, sino a la b\u00fasqueda de sus familiares desaparecidos.<\/p>\n\n\n\n<p>\u201cLas familias buscadoras no estamos aqu\u00ed por protagonismo. No buscamos beneficios pol\u00edticos.&nbsp;<strong>Lo que cargamos todos los d\u00edas es el dolor<\/strong>&nbsp;de no saber d\u00f3nde est\u00e1n nuestros hijos, nuestras hijas, nuestros hermanos y nuestros padres\u201d, expresaron.<\/p>\n\n\n\n<p>El colectivo dirigi\u00f3 adem\u00e1s un llamado a la presidenta de M\u00e9xico,&nbsp;<strong>Claudia Sheinbaum<\/strong>, para que escuche a las familias buscadoras.<\/p>\n\n\n\n<blockquote class=\"wp-block-quote is-layout-flow wp-block-quote-is-layout-flow\">\n<p>Presidenta, abra su coraz\u00f3n, escuche a las madres, a los padres y a las familias que seguimos buscando.<\/p>\n<\/blockquote>\n\n\n\n<p>\u201cA un a\u00f1o de estos hechos, lo m\u00ednimo que&nbsp;<strong>merece M\u00e9xico es la verdad completa<\/strong>. La verdad no puede enterrarse\u201d, concluyeron.<\/p>\n\n\n\n<p><\/p>\n","protected":false},"excerpt":{"rendered":"<p>06 Marzo, 2026 El colectivo&nbsp;Guerreros Buscadores de Jalisco&nbsp;refut\u00f3 la versi\u00f3n de la Fiscal\u00eda General de&#8230;<\/p>\n","protected":false},"author":1,"featured_media":7717,"comment_status":"open","ping_status":"open","sticky":false,"template":"","format":"standard","meta":{"footnotes":""},"categories":[3],"tags":[],"class_list":["post-7716","post","type-post","status-publish","format-standard","has-post-thumbnail","hentry","category-mexico"],"_links":{"self":[{"href":"https:\/\/noticierotamaulipeco.info\/index.php?rest_route=\/wp\/v2\/posts\/7716","targetHints":{"allow":["GET"]}}],"collection":[{"href":"https:\/\/noticierotamaulipeco.info\/index.php?rest_route=\/wp\/v2\/posts"}],"about":[{"href":"https:\/\/noticierotamaulipeco.info\/index.php?rest_route=\/wp\/v2\/types\/post"}],"author":[{"embeddable":true,"href":"https:\/\/noticierotamaulipeco.info\/index.php?rest_route=\/wp\/v2\/users\/1"}],"replies":[{"embeddable":true,"href":"https:\/\/noticierotamaulipeco.info\/index.php?rest_route=%2Fwp%2Fv2%2Fcomments&post=7716"}],"version-history":[{"count":1,"href":"https:\/\/noticierotamaulipeco.info\/index.php?rest_route=\/wp\/v2\/posts\/7716\/revisions"}],"predecessor-version":[{"id":7718,"href":"https:\/\/noticierotamaulipeco.info\/index.php?rest_route=\/wp\/v2\/posts\/7716\/revisions\/7718"}],"wp:featuredmedia":[{"embeddable":true,"href":"https:\/\/noticierotamaulipeco.info\/index.php?rest_route=\/wp\/v2\/media\/7717"}],"wp:attachment":[{"href":"https:\/\/noticierotamaulipeco.info\/index.php?rest_route=%2Fwp%2Fv2%2Fmedia&parent=7716"}],"wp:term":[{"taxonomy":"category","embeddable":true,"href":"https:\/\/noticierotamaulipeco.info\/index.php?rest_route=%2Fwp%2Fv2%2Fcategories&post=7716"},{"taxonomy":"post_tag","embeddable":true,"href":"https:\/\/noticierotamaulipeco.info\/index.php?rest_route=%2Fwp%2Fv2%2Ftags&post=7716"}],"curies":[{"name":"wp","href":"https:\/\/api.w.org\/{rel}","templated":true}]}}