{"id":7723,"date":"2026-03-06T18:02:21","date_gmt":"2026-03-06T18:02:21","guid":{"rendered":"https:\/\/noticierotamaulipeco.info\/?p=7723"},"modified":"2026-03-06T18:02:21","modified_gmt":"2026-03-06T18:02:21","slug":"uefa-multa-al-real-madrid-por-comportamiento-racista-de-aficionado","status":"publish","type":"post","link":"https:\/\/noticierotamaulipeco.info\/?p=7723","title":{"rendered":"UEFA multa al Real Madrid por comportamiento racista de aficionado"},"content":{"rendered":"\n<p>06 Marzo, 2026<\/p>\n\n\n\n<p>La Comisi\u00f3n de Control, \u00c9tica y Disciplina de la&nbsp;<strong>UEFA<\/strong>&nbsp;<strong>mult\u00f3<\/strong>&nbsp;con<strong>&nbsp;15 mil euros<\/strong>&nbsp;al&nbsp;<strong>Real Madrid<\/strong>&nbsp;por&nbsp;<strong>comportamiento racista y\/o discriminatorio<\/strong>&nbsp;de sus&nbsp;<strong>aficionados<\/strong>&nbsp;en el partido de vuelta de la eliminatoria de la<strong>&nbsp;Champions League<\/strong>&nbsp;contra el&nbsp;<strong>Benfica<\/strong>, y le advirti\u00f3 de cierre parcial de su campo en caso de reincidencia durante un a\u00f1o.<\/p>\n\n\n\n<p>Seg\u00fan confirm\u00f3 la UEFA, adem\u00e1s de la multa econ\u00f3mica, la Comisi\u00f3n orden\u00f3 el cierre parcial de 500 asientos contiguos de la tribuna sur inferior del&nbsp;<strong>Estadio Santiago Bernab\u00e9u<\/strong>&nbsp;en el pr\u00f3ximo partido que el equipo juegue como local, aunque el cumplimiento de esta sanci\u00f3n est\u00e1 condicionado durante un periodo de prueba de un a\u00f1o, a partir de la fecha de hoy.<\/p>\n\n\n\n<p>En el partido ante el Benfica, el 25 de febrero, un aficionado de la grada de animaci\u00f3n del Real Madrid, la \u2018Grada Fans\u2019 en la que se despleg\u00f3 un tifo contra el racismo, fue expulsado del recinto tras ser captado por las c\u00e1maras de la transmisi\u00f3n del encuentro realizando el saludo nazi.<\/p>\n\n\n\n<p>Seg\u00fan pudo saber de fuentes del Real Madrid, los miembros de seguridad privada del club le localizaron, identificaron y procedieron a su expulsi\u00f3n del estadio antes del partido. El club pidi\u00f3 de manera urgente a su Comisi\u00f3n de Disciplina del club que iniciase unrocedimiento inmediato de expulsi\u00f3n.<\/p>\n\n\n\n<p>La UEFA anunci\u00f3 la multa y el posible cierre por el comportamiento racista y\/o discriminatorio de los seguidores del Real Madrid en el partido jugado el pasado 25 de febrero, en el que el club logr\u00f3 el pase a los octavos de final, tras la pol\u00e9mica generada en el encuentro de ida en Lisboa, por el posible comentario racista del argentino Gianluca Prestiani al brasile\u00f1o Vinicius.<\/p>\n\n\n\n<p>El 17 de febrero, en el partido de ida del \u2018playoff\u2019, tras marcar el \u00fanico gol del encuentro (0-1), Vinicius Jr. denunci\u00f3 al \u00e1rbitro que hab\u00eda sido objeto de insultos racistas por parte Prestianni, por lo que el encuentro fue detenido unos minutos y la UEFA abri\u00f3 una investigaci\u00f3n.<\/p>\n\n\n\n<p>El argentino fue posteriormente suspendido provisionalmente durante un partido y se perdi\u00f3 la vuelta en el Santiago Bernab\u00e9u, donde el equipo dirigido por Jos\u00e9 Mourinho perdi\u00f3 por 2-1 y qued\u00f3 eliminado de la competici\u00f3n europea.<\/p>\n\n\n\n<p><\/p>\n","protected":false},"excerpt":{"rendered":"<p>06 Marzo, 2026 La Comisi\u00f3n de Control, \u00c9tica y Disciplina de la&nbsp;UEFA&nbsp;mult\u00f3&nbsp;con&nbsp;15 mil euros&nbsp;al&nbsp;Real Madrid&nbsp;por&nbsp;comportamiento&#8230;<\/p>\n","protected":false},"author":1,"featured_media":7724,"comment_status":"open","ping_status":"open","sticky":false,"template":"","format":"standard","meta":{"footnotes":""},"categories":[6],"tags":[],"class_list":["post-7723","post","type-post","status-publish","format-standard","has-post-thumbnail","hentry","category-deportes"],"_links":{"self":[{"href":"https:\/\/noticierotamaulipeco.info\/index.php?rest_route=\/wp\/v2\/posts\/7723","targetHints":{"allow":["GET"]}}],"collection":[{"href":"https:\/\/noticierotamaulipeco.info\/index.php?rest_route=\/wp\/v2\/posts"}],"about":[{"href":"https:\/\/noticierotamaulipeco.info\/index.php?rest_route=\/wp\/v2\/types\/post"}],"author":[{"embeddable":true,"href":"https:\/\/noticierotamaulipeco.info\/index.php?rest_route=\/wp\/v2\/users\/1"}],"replies":[{"embeddable":true,"href":"https:\/\/noticierotamaulipeco.info\/index.php?rest_route=%2Fwp%2Fv2%2Fcomments&post=7723"}],"version-history":[{"count":1,"href":"https:\/\/noticierotamaulipeco.info\/index.php?rest_route=\/wp\/v2\/posts\/7723\/revisions"}],"predecessor-version":[{"id":7725,"href":"https:\/\/noticierotamaulipeco.info\/index.php?rest_route=\/wp\/v2\/posts\/7723\/revisions\/7725"}],"wp:featuredmedia":[{"embeddable":true,"href":"https:\/\/noticierotamaulipeco.info\/index.php?rest_route=\/wp\/v2\/media\/7724"}],"wp:attachment":[{"href":"https:\/\/noticierotamaulipeco.info\/index.php?rest_route=%2Fwp%2Fv2%2Fmedia&parent=7723"}],"wp:term":[{"taxonomy":"category","embeddable":true,"href":"https:\/\/noticierotamaulipeco.info\/index.php?rest_route=%2Fwp%2Fv2%2Fcategories&post=7723"},{"taxonomy":"post_tag","embeddable":true,"href":"https:\/\/noticierotamaulipeco.info\/index.php?rest_route=%2Fwp%2Fv2%2Ftags&post=7723"}],"curies":[{"name":"wp","href":"https:\/\/api.w.org\/{rel}","templated":true}]}}