{"id":7726,"date":"2026-03-05T18:02:23","date_gmt":"2026-03-05T18:02:23","guid":{"rendered":"https:\/\/noticierotamaulipeco.info\/?p=7726"},"modified":"2026-03-06T18:19:42","modified_gmt":"2026-03-06T18:19:42","slug":"vocalista-de-los-recoditos-reacciona-a-acusaciones-de-presunta-violencia-domestica-han-sido-dias-dificiles","status":"publish","type":"post","link":"https:\/\/noticierotamaulipeco.info\/?p=7726","title":{"rendered":"Vocalista de Los Recoditos reacciona a acusaciones de presunta violencia dom\u00e9stica: &#8220;han sido d\u00edas dif\u00edciles&#8221;"},"content":{"rendered":"\n<p>05 Marzo, 2026<\/p>\n\n\n\n<p>Durante los \u00faltimos d\u00edas, el nombre de&nbsp;<strong>Rafa Gonz\u00e1lez<\/strong>,&nbsp;<strong>vocalista de Los Recoditos<\/strong>, ha circulado en redes sociales luego de que su esposa lo acusara p\u00fablicamente de&nbsp;<strong>presunta violencia dom\u00e9stica.<\/strong><\/p>\n\n\n\n<p>En las denuncias, difundidas a trav\u00e9s de videos en TikTok, Fernanda Redondo Cort\u00e9s asegur\u00f3 haber vivido episodios de maltrato durante su relaci\u00f3n; incluso, muestra heridas y moretones supuestamente provocados por el cantante.<\/p>\n\n\n\n<p>Ahora, Gonz\u00e1lez, a trav\u00e9s de sus redes socailes, reaccion\u00f3 a las declaraciones de su pareja y&nbsp;<strong>asegur\u00f3 que lo est\u00e1n difamando.<\/strong><\/p>\n\n\n\n<p>En el mensaje, el m\u00fasico neg\u00f3 haber ejercido cualquiero tipo de violencia y revel\u00f3 que ya<strong>&nbsp;est\u00e1 tomando acciones legales al respecto.<\/strong><\/p>\n\n\n\n<p>&#8220;Han sido d\u00edas muy dif\u00edciles al ser difamado de ser una persona violenta. Quiero compartirles que ya me estoy ocupando de ese tema y que, por lo trascendente, se tendr\u00e1 que someter a consideraci\u00f3n de las autoridades competentes, en las cuales conf\u00edo\u201d, dijo.<\/p>\n\n\n\n<p>Rafa tambi\u00e9n se\u00f1al\u00f3 que, por recomendaci\u00f3n de sus abogados, no ofrecer\u00e1 m\u00e1s detalles sobre el proceso legal; de lo que s\u00ed habl\u00f3 es de su&nbsp;<strong>separaci\u00f3n, moment\u00e1nea, de la banda.<\/strong><\/p>\n\n\n\n<p>\u201cEn com\u00fan acuerdo con los directivos de la banda, har\u00e9 una pausa como cantante. Es una decisi\u00f3n que he tomado para resolver de manera correcta este asunto\u201d, explic\u00f3.<\/p>\n\n\n\n<p>El int\u00e9rprete tambi\u00e9n agradeci\u00f3 el apoyo que ha recibidopor parte de sus fans y finaliz\u00f3 el clip con un mensaje directo a su expareja:<\/p>\n\n\n\n<p>\u201cQuien me conoce sabe el tipo de persona que soy y que ser\u00eda incapaz de hacerle da\u00f1o a una mujer. Solo me resta desearle lo mejor a la persona que est\u00e1 pretendiendo hacerme da\u00f1o, esperando que Dios la bendiga y la haga recapacitar\u201d, concluy\u00f3.<\/p>\n\n\n\n<p><\/p>\n","protected":false},"excerpt":{"rendered":"<p>05 Marzo, 2026 Durante los \u00faltimos d\u00edas, el nombre de&nbsp;Rafa Gonz\u00e1lez,&nbsp;vocalista de Los Recoditos, ha&#8230;<\/p>\n","protected":false},"author":1,"featured_media":7727,"comment_status":"open","ping_status":"open","sticky":false,"template":"","format":"standard","meta":{"footnotes":""},"categories":[7],"tags":[],"class_list":["post-7726","post","type-post","status-publish","format-standard","has-post-thumbnail","hentry","category-espectaculos"],"_links":{"self":[{"href":"https:\/\/noticierotamaulipeco.info\/index.php?rest_route=\/wp\/v2\/posts\/7726","targetHints":{"allow":["GET"]}}],"collection":[{"href":"https:\/\/noticierotamaulipeco.info\/index.php?rest_route=\/wp\/v2\/posts"}],"about":[{"href":"https:\/\/noticierotamaulipeco.info\/index.php?rest_route=\/wp\/v2\/types\/post"}],"author":[{"embeddable":true,"href":"https:\/\/noticierotamaulipeco.info\/index.php?rest_route=\/wp\/v2\/users\/1"}],"replies":[{"embeddable":true,"href":"https:\/\/noticierotamaulipeco.info\/index.php?rest_route=%2Fwp%2Fv2%2Fcomments&post=7726"}],"version-history":[{"count":1,"href":"https:\/\/noticierotamaulipeco.info\/index.php?rest_route=\/wp\/v2\/posts\/7726\/revisions"}],"predecessor-version":[{"id":7728,"href":"https:\/\/noticierotamaulipeco.info\/index.php?rest_route=\/wp\/v2\/posts\/7726\/revisions\/7728"}],"wp:featuredmedia":[{"embeddable":true,"href":"https:\/\/noticierotamaulipeco.info\/index.php?rest_route=\/wp\/v2\/media\/7727"}],"wp:attachment":[{"href":"https:\/\/noticierotamaulipeco.info\/index.php?rest_route=%2Fwp%2Fv2%2Fmedia&parent=7726"}],"wp:term":[{"taxonomy":"category","embeddable":true,"href":"https:\/\/noticierotamaulipeco.info\/index.php?rest_route=%2Fwp%2Fv2%2Fcategories&post=7726"},{"taxonomy":"post_tag","embeddable":true,"href":"https:\/\/noticierotamaulipeco.info\/index.php?rest_route=%2Fwp%2Fv2%2Ftags&post=7726"}],"curies":[{"name":"wp","href":"https:\/\/api.w.org\/{rel}","templated":true}]}}