{"id":781,"date":"2023-11-09T23:53:44","date_gmt":"2023-11-09T23:53:44","guid":{"rendered":"https:\/\/noticierotamaulipeco.info\/?p=781"},"modified":"2023-11-10T23:57:11","modified_gmt":"2023-11-10T23:57:11","slug":"gobierno-de-mexico-termina-la-emergencia-en-guerrero-por-otis","status":"publish","type":"post","link":"https:\/\/noticierotamaulipeco.info\/?p=781","title":{"rendered":"Gobierno de M\u00e9xico termina la emergencia en Guerrero por &#8220;Otis&#8221;"},"content":{"rendered":"\n<p>La declaratoria de desastre en principio fue para 47 municipios del estado, donde el hurac\u00e1n &#8220;Otis&#8221; toc\u00f3 tierra como categor\u00eda 5; luego cambi\u00f3 a 2<\/p>\n\n\n\n<p>Por:\u00a0<a href=\"https:\/\/www.informador.mx\/staff\/efe\">EFE<\/a> 9 de noviembre de 2023\u00a0<\/p>\n\n\n\n<figure class=\"wp-block-image size-full\"><img loading=\"lazy\" decoding=\"async\" width=\"770\" height=\"485\" src=\"https:\/\/noticierotamaulipeco.info\/wp-content\/uploads\/2023\/11\/escepticismo_y_urgenc_x12130651x_efe_crop1699556959646.jpg_1970638775.webp\" alt=\"\" class=\"wp-image-782\" srcset=\"https:\/\/noticierotamaulipeco.info\/wp-content\/uploads\/2023\/11\/escepticismo_y_urgenc_x12130651x_efe_crop1699556959646.jpg_1970638775.webp 770w, https:\/\/noticierotamaulipeco.info\/wp-content\/uploads\/2023\/11\/escepticismo_y_urgenc_x12130651x_efe_crop1699556959646.jpg_1970638775-300x189.webp 300w, https:\/\/noticierotamaulipeco.info\/wp-content\/uploads\/2023\/11\/escepticismo_y_urgenc_x12130651x_efe_crop1699556959646.jpg_1970638775-768x484.webp 768w, https:\/\/noticierotamaulipeco.info\/wp-content\/uploads\/2023\/11\/escepticismo_y_urgenc_x12130651x_efe_crop1699556959646.jpg_1970638775-540x340.webp 540w\" sizes=\"auto, (max-width: 770px) 100vw, 770px\" \/><\/figure>\n\n\n\n<p>Este jueves, el\u00a0<a href=\"https:\/\/www.informador.mx\/gobierno-de-mexico-t7\" target=\"_blank\" rel=\"noreferrer noopener\"><strong>Gobierno de M\u00e9xico<\/strong><\/a>\u00a0dio por terminada la declaratoria de emergencia en Guerrero a una semana de haberla decretado por los da\u00f1os del hist\u00f3rico\u00a0<a href=\"https:\/\/www.informador.mx\/huracan-otis-t100267\" target=\"_blank\" rel=\"noreferrer noopener\"><strong>hurac\u00e1n &#8220;Otis&#8221;<\/strong><\/a>, que ha dejado al menos 48 muertos.<\/p>\n\n\n\n<p>En la edici\u00f3n de hoy, el Diario Oficial de la Federaci\u00f3n&nbsp;<strong>(DOF)<\/strong>&nbsp;public\u00f3 el &#8220;Aviso de t\u00e9rmino de la Declaratoria de Emergencia (Acuerdo por el que se establece el t\u00e9rmino de situaci\u00f3n de emergencia) por la ocurrencia de lluvia severa y vientos fuertes el d\u00eda 24 de octubre de 2023 en 2 municipios del estado de Guerrero&#8221;.<\/p>\n\n\n\n<p>Aunque\u00a0<strong>las labores de limpieza y rescate de personas contin\u00faan en Acapulco y Coyuca de Ben\u00edtez,<\/strong>\u00a0los municipios contemplados en la emergencia, la Direcci\u00f3n General de Protecci\u00f3n Civil (DGPC) argument\u00f3 que\u00a0<strong>&#8220;a la fecha ya no persisten las condiciones de emergencia para continuar con la vigencia de la Declaratoria&#8221;.<\/strong><\/p>\n\n\n\n<p>El Gobierno de M\u00e9xico primero emiti\u00f3 el 2 de noviembre una declaratoria de desastre para 47 municipios de\u00a0<a href=\"https:\/\/www.informador.mx\/guerrero-t2254\" target=\"_blank\" rel=\"noreferrer noopener\"><strong>Guerrero<\/strong><\/a>, donde el hurac\u00e1n &#8220;Otis&#8221; toc\u00f3 tierra el 25 de octubre como categor\u00eda 5 y rompi\u00f3 el r\u00e9cord de intensificaci\u00f3n de un cicl\u00f3n en el pa\u00eds.<\/p>\n\n\n\n<p>Pero un d\u00eda despu\u00e9s el Ejecutivo redujo la declaratoria a solo dos municipios, algo que el Presidente,\u00a0<a href=\"https:\/\/www.informador.mx\/andres-manuel-lopez-obrador-t10921\" target=\"_blank\" rel=\"noreferrer noopener\"><strong>Andr\u00e9s Manuel L\u00f3pez Obrador<\/strong><\/a>, justific\u00f3 por &#8220;un error&#8221; de la Coordinaci\u00f3n Nacional de Protecci\u00f3n Civil (CNPC).<\/p>\n\n\n\n<p>&#8220;Claro que hay damnificados en nuestro pa\u00eds, muchos, muchos, muchos que requieren ayuda, pero por el hurac\u00e1n, b\u00e1sicamente estos dos municipios&#8221;, argument\u00f3 el Mandatario el lunes pasado.<\/p>\n\n\n\n<p>El Gobierno de M\u00e9xico anunci\u00f3 61 mil 313 millones de pesos para las reparaciones y apoyos sociales en Guerrero, donde&nbsp;<strong>se destruyeron m\u00e1s de 300 hoteles y unas 250 mil personas quedaron sin vivienda.<\/strong><\/p>\n\n\n\n<p>Pero Fitch calcul\u00f3 en 16 mil millones de d\u00f3lares las p\u00e9rdidas catastr\u00f3ficas, mientras que las c\u00e1maras empresariales prev\u00e9n dos a\u00f1os y hasta 300 mil millones de pesos para la reconstrucci\u00f3n de\u00a0<a href=\"https:\/\/www.informador.mx\/acapulco-t2467\" target=\"_blank\" rel=\"noreferrer noopener\"><strong>Acapulco<\/strong><\/a>.<\/p>\n\n\n\n<p>Adem\u00e1s, el partido en el Gobierno, Morena, ha afrontado cr\u00edticas por no incluir recursos espec\u00edficos para la reconstrucci\u00f3n de Acapulco en el presupuesto p\u00fablico de 2024 aprobado esta semana en el Congreso.<\/p>\n","protected":false},"excerpt":{"rendered":"<p>La declaratoria de desastre en principio fue para 47 municipios del estado, donde el hurac\u00e1n&#8230;<\/p>\n","protected":false},"author":1,"featured_media":782,"comment_status":"open","ping_status":"open","sticky":false,"template":"","format":"standard","meta":{"footnotes":""},"categories":[3],"tags":[],"class_list":["post-781","post","type-post","status-publish","format-standard","has-post-thumbnail","hentry","category-mexico"],"_links":{"self":[{"href":"https:\/\/noticierotamaulipeco.info\/index.php?rest_route=\/wp\/v2\/posts\/781","targetHints":{"allow":["GET"]}}],"collection":[{"href":"https:\/\/noticierotamaulipeco.info\/index.php?rest_route=\/wp\/v2\/posts"}],"about":[{"href":"https:\/\/noticierotamaulipeco.info\/index.php?rest_route=\/wp\/v2\/types\/post"}],"author":[{"embeddable":true,"href":"https:\/\/noticierotamaulipeco.info\/index.php?rest_route=\/wp\/v2\/users\/1"}],"replies":[{"embeddable":true,"href":"https:\/\/noticierotamaulipeco.info\/index.php?rest_route=%2Fwp%2Fv2%2Fcomments&post=781"}],"version-history":[{"count":1,"href":"https:\/\/noticierotamaulipeco.info\/index.php?rest_route=\/wp\/v2\/posts\/781\/revisions"}],"predecessor-version":[{"id":783,"href":"https:\/\/noticierotamaulipeco.info\/index.php?rest_route=\/wp\/v2\/posts\/781\/revisions\/783"}],"wp:featuredmedia":[{"embeddable":true,"href":"https:\/\/noticierotamaulipeco.info\/index.php?rest_route=\/wp\/v2\/media\/782"}],"wp:attachment":[{"href":"https:\/\/noticierotamaulipeco.info\/index.php?rest_route=%2Fwp%2Fv2%2Fmedia&parent=781"}],"wp:term":[{"taxonomy":"category","embeddable":true,"href":"https:\/\/noticierotamaulipeco.info\/index.php?rest_route=%2Fwp%2Fv2%2Fcategories&post=781"},{"taxonomy":"post_tag","embeddable":true,"href":"https:\/\/noticierotamaulipeco.info\/index.php?rest_route=%2Fwp%2Fv2%2Ftags&post=781"}],"curies":[{"name":"wp","href":"https:\/\/api.w.org\/{rel}","templated":true}]}}