{"id":784,"date":"2023-11-10T15:58:00","date_gmt":"2023-11-10T15:58:00","guid":{"rendered":"https:\/\/noticierotamaulipeco.info\/?p=784"},"modified":"2023-11-11T00:01:41","modified_gmt":"2023-11-11T00:01:41","slug":"julian-quinones-es-llamado-al-tricolor","status":"publish","type":"post","link":"https:\/\/noticierotamaulipeco.info\/?p=784","title":{"rendered":"Juli\u00e1n Qui\u00f1ones es llamado al Tricolor"},"content":{"rendered":"\n<p>El delantero de las \u00c1guilas fue convocado por primera vez al tricolor para disputar los duelos de clasificaci\u00f3n a la Copa Am\u00e9rica contra Honduras&nbsp;<\/p>\n\n\n\n<p>10 de noviembre de 2023<\/p>\n\n\n\n<figure class=\"wp-block-image size-full\"><img loading=\"lazy\" decoding=\"async\" width=\"770\" height=\"485\" src=\"https:\/\/noticierotamaulipeco.info\/wp-content\/uploads\/2023\/11\/quixones_mexico_crop1699655535058.jpg_1970638775.webp\" alt=\"\" class=\"wp-image-785\" srcset=\"https:\/\/noticierotamaulipeco.info\/wp-content\/uploads\/2023\/11\/quixones_mexico_crop1699655535058.jpg_1970638775.webp 770w, https:\/\/noticierotamaulipeco.info\/wp-content\/uploads\/2023\/11\/quixones_mexico_crop1699655535058.jpg_1970638775-300x189.webp 300w, https:\/\/noticierotamaulipeco.info\/wp-content\/uploads\/2023\/11\/quixones_mexico_crop1699655535058.jpg_1970638775-768x484.webp 768w, https:\/\/noticierotamaulipeco.info\/wp-content\/uploads\/2023\/11\/quixones_mexico_crop1699655535058.jpg_1970638775-540x340.webp 540w\" sizes=\"auto, (max-width: 770px) 100vw, 770px\" \/><\/figure>\n\n\n\n<p>Se dio a conocer oficialmente la convocatoria de<strong>\u00a0Juli\u00e1n Qui\u00f1ones y otros 25 jugadores<\/strong>\u00a0para la\u00a0<strong>Selecci\u00f3n Mexicana<\/strong>\u00a0de futbol que enfrentar\u00e1 a Honduras, correspondiente a la Concacaf Nations League y por el pase a la\u00a0<strong>Copa Am\u00e9rica 2024.<\/strong><\/p>\n\n\n\n<p>En lo que era un llamado ya pactado y anunciado semanas atr\u00e1s, ahora es un hecho de que el colombiano ha sido considerado para participar con M\u00e9xico en una<strong>\u00a0Fecha FIFA\u00a0<\/strong>y lo har\u00e1 en un par de encuentros claves para el futuro del\u00a0<strong>Tricolor en el 2024<\/strong>, adem\u00e1s de que el delantero del Am\u00e9rica<strong>\u00a0tendr\u00e1 todos los reflectores y la responsabilidad sobre su espalda para tener buenas actuaciones y ser el jugador que el Tricolor nunca ha tenido en cuanto a calidad y contundencia.<\/strong><\/p>\n\n\n\n<p>Destaca tambi\u00e9n el regreso de Juli\u00e1n Araujo, luego de haber estado ausente en la pasada convocatoria de Jaime Lozano, as\u00ed como la de<strong>\u00a0Roberto \u201cPiojo\u201d Alvarado<\/strong>, que vuelven al Tricolor por sus fueros y para demostrar que pueden pelear por un lugar en el cuadro azteca.<\/p>\n\n\n\n<p>En este equipo del \u201cJimmy\u201d, son evidentes las jerarqu\u00edas, de ah\u00ed que elementos como\u00a0<strong>Guillermo Ochoa, C\u00e9sar Montes, Uriel Antuna, Hirving \u201cChucky\u201d Lozano, Henry Mart\u00edn y Ra\u00fal Jim\u00e9nez<\/strong>\u00a0se mantengan en el llamado y que deber\u00e1n arropar a las nuevas generaciones que luchar\u00e1n por un puesto en el equipo de cara al Mundial 2026 que se desarrollar\u00e1 en nuestro pa\u00eds, en\u00a0<strong>Estados Unidos y en Canad\u00e1.<\/strong><\/p>\n","protected":false},"excerpt":{"rendered":"<p>El delantero de las \u00c1guilas fue convocado por primera vez al tricolor para disputar los&#8230;<\/p>\n","protected":false},"author":1,"featured_media":785,"comment_status":"open","ping_status":"open","sticky":false,"template":"","format":"standard","meta":{"footnotes":""},"categories":[6],"tags":[],"class_list":["post-784","post","type-post","status-publish","format-standard","has-post-thumbnail","hentry","category-deportes"],"_links":{"self":[{"href":"https:\/\/noticierotamaulipeco.info\/index.php?rest_route=\/wp\/v2\/posts\/784","targetHints":{"allow":["GET"]}}],"collection":[{"href":"https:\/\/noticierotamaulipeco.info\/index.php?rest_route=\/wp\/v2\/posts"}],"about":[{"href":"https:\/\/noticierotamaulipeco.info\/index.php?rest_route=\/wp\/v2\/types\/post"}],"author":[{"embeddable":true,"href":"https:\/\/noticierotamaulipeco.info\/index.php?rest_route=\/wp\/v2\/users\/1"}],"replies":[{"embeddable":true,"href":"https:\/\/noticierotamaulipeco.info\/index.php?rest_route=%2Fwp%2Fv2%2Fcomments&post=784"}],"version-history":[{"count":1,"href":"https:\/\/noticierotamaulipeco.info\/index.php?rest_route=\/wp\/v2\/posts\/784\/revisions"}],"predecessor-version":[{"id":786,"href":"https:\/\/noticierotamaulipeco.info\/index.php?rest_route=\/wp\/v2\/posts\/784\/revisions\/786"}],"wp:featuredmedia":[{"embeddable":true,"href":"https:\/\/noticierotamaulipeco.info\/index.php?rest_route=\/wp\/v2\/media\/785"}],"wp:attachment":[{"href":"https:\/\/noticierotamaulipeco.info\/index.php?rest_route=%2Fwp%2Fv2%2Fmedia&parent=784"}],"wp:term":[{"taxonomy":"category","embeddable":true,"href":"https:\/\/noticierotamaulipeco.info\/index.php?rest_route=%2Fwp%2Fv2%2Fcategories&post=784"},{"taxonomy":"post_tag","embeddable":true,"href":"https:\/\/noticierotamaulipeco.info\/index.php?rest_route=%2Fwp%2Fv2%2Ftags&post=784"}],"curies":[{"name":"wp","href":"https:\/\/api.w.org\/{rel}","templated":true}]}}