{"id":787,"date":"2023-11-10T00:02:18","date_gmt":"2023-11-10T00:02:18","guid":{"rendered":"https:\/\/noticierotamaulipeco.info\/?p=787"},"modified":"2023-11-11T00:05:50","modified_gmt":"2023-11-11T00:05:50","slug":"donald-trump-afirma-que-mexico-dejaria-de-existir-en-caso-de-guerra-mundial","status":"publish","type":"post","link":"https:\/\/noticierotamaulipeco.info\/?p=787","title":{"rendered":"Donald Trump afirma que M\u00e9xico dejar\u00eda de existir en caso de guerra mundial"},"content":{"rendered":"\n<p>En entrevista con Univision, Donald Trump comparti\u00f3 sus pensamientos sobre M\u00e9xico, L\u00f3pez Obrador y la frontera&nbsp;<\/p>\n\n\n\n<p>Por:\u00a0<a href=\"https:\/\/www.informador.mx\/staff\/sun\">SUN .<\/a>10 de noviembre de 2023<\/p>\n\n\n\n<figure class=\"wp-block-image size-full\"><img loading=\"lazy\" decoding=\"async\" width=\"770\" height=\"485\" src=\"https:\/\/noticierotamaulipeco.info\/wp-content\/uploads\/2023\/11\/rs3086170_age-2021-01-08-23-04-01-lpr_x1x_crop1699635580444.jpg_1970638775-1.webp\" alt=\"\" class=\"wp-image-789\" srcset=\"https:\/\/noticierotamaulipeco.info\/wp-content\/uploads\/2023\/11\/rs3086170_age-2021-01-08-23-04-01-lpr_x1x_crop1699635580444.jpg_1970638775-1.webp 770w, https:\/\/noticierotamaulipeco.info\/wp-content\/uploads\/2023\/11\/rs3086170_age-2021-01-08-23-04-01-lpr_x1x_crop1699635580444.jpg_1970638775-1-300x189.webp 300w, https:\/\/noticierotamaulipeco.info\/wp-content\/uploads\/2023\/11\/rs3086170_age-2021-01-08-23-04-01-lpr_x1x_crop1699635580444.jpg_1970638775-1-768x484.webp 768w, https:\/\/noticierotamaulipeco.info\/wp-content\/uploads\/2023\/11\/rs3086170_age-2021-01-08-23-04-01-lpr_x1x_crop1699635580444.jpg_1970638775-1-540x340.webp 540w\" sizes=\"auto, (max-width: 770px) 100vw, 770px\" \/><\/figure>\n\n\n\n<p><strong>El expresidente estadounidense Donald Trump declar\u00f3 durante una entrevista con Univision la noche del jueves que &#8220;si ocurre la Tercera Guerra Mundial probablemente M\u00e9xico ya no existir\u00e1&#8221;. Al decir que &#8220;la mayor amenaza son las armas nucleares&#8221;, el exmandatario republicano sigui\u00f3: &#8220;Si nos golpean, t\u00fa tambi\u00e9n ser\u00e1s aniquilado (&#8230;)&#8221;.<\/strong><\/p>\n\n\n\n<p>Agreg\u00f3 que &#8220;cuando escucho a estas personas hablar sobre el medio ambiente y durante un periodo de 300 a\u00f1os, los oc\u00e9anos aumentar\u00e1n 1\/100 de pulgada. Y esta es una gran amenaza. No es una amenaza. La amenaza no es el calentamiento global<strong>. Es el calentamiento nuclear. Es la mayor amenaza para su pa\u00eds,<\/strong>\u00a0para nuestro pa\u00eds, para todas las naciones&#8221;. Indic\u00f3 que para la seguridad global es &#8220;la mayor amenaza&#8221;.<\/p>\n\n\n\n<p>Sobre el presidente mexicano, Andr\u00e9s Manuel L\u00f3pez Obrador, y la frontera, a\u00f1adi\u00f3 que &#8220;su presidente es amigo m\u00edo. Es un hombre tremendo.<strong>\u00a0Ha sido muy leal conmigo. Le he sido muy leal.<\/strong>\u00a0Simplemente nos llevamos bien. Es un poco diferente, un poco m\u00e1s izquierdista que yo, tal vez, pero es un gran caballero y un hombre maravilloso. Y creo que ha hecho un trabajo fant\u00e1stico para M\u00e9xico&#8221;.<\/p>\n\n\n\n<p>Declar\u00f3 en la entrevista que &#8220;lo m\u00e1s importante ahora es la seguridad. Quieren seguridad. Quieren tener una frontera. Tenemos una enorme cantidad de personas, por ejemplo, de M\u00e9xico.\u00a0<strong>Viven aqu\u00ed, ya sea permanentemente o a tiempo parcial. No quieren que la gente entre y asalte su casa o haga cosas malas<\/strong>. Quieren ver seguridad. Quieren tener una frontera. Ya sabes, las fronteras funcionan en ambos sentidos. Y hemos tenido relaciones incre\u00edbles con M\u00e9xico&#8221;.<\/p>\n\n\n\n<p>El expresidente republicano declar\u00f3 que &#8220;la frontera ya no es segura&#8221;. Dijo que &#8220;la pol\u00edtica de fronteras abiertas (&#8230;) es terrible para M\u00e9xico. Habl\u00e9 con su presidente. Su presidente lo sabe porque viene gente de todo el mundo.\u00a0<strong>Est\u00e1n caminando por M\u00e9xico. M\u00e9xico no quiere eso. Est\u00e1n saliendo adelante.<\/strong><\/p>\n\n\n\n<p>&#8220;Es como una autopista humana. Y llegan por cientos de miles, por millones a trav\u00e9s de M\u00e9xico. Y suceden cosas malas cuando eso sucede. Entonces su presidente lo odia. Lo odio. Ten\u00edamos la frontera m\u00e1s segura de la historia. Ten\u00edamos la frontera m\u00e1s segura de la historia, M\u00e9xico. Nos dieron soldados a petici\u00f3n m\u00eda, nos dieron soldados gratis, muchos de ellos miles y miles de soldados.&nbsp;<strong>Lo hicimos, especialmente mientras yo estaba construyendo el muro, porque construimos 561 millas de muro. Y luego, despu\u00e9s de construir otras 200 millas, todo estaba terminado<\/strong>, todo fabricado, todo listo para montar. Y esta gente realmente ignorante de esta administraci\u00f3n decidi\u00f3 que queremos fronteras abiertas. Las fronteras abiertas son muy malas y son muy malas para nosotros, pero son muy malas para M\u00e9xico tambi\u00e9n, porque gente de todo el mundo camina por M\u00e9xico y en mucha menor medida por Canad\u00e1, pero camina por M\u00e9xico y no quieres que muchas de estas personas que vienen caminen por M\u00e9xico&#8221;.<\/p>\n\n\n\n<p>El exmandatario a\u00f1adi\u00f3 que &#8220;los delincuentes que entran caminan por M\u00e9xico. A su presidente no le gusta demasiado, se lo aseguro. Pero est\u00e1n caminando por M\u00e9xico. Vienen a Estados Unidos. Conmigo, yo los detuve y trabajamos con M\u00e9xico para lograrlo. Pero lo detuve y lo detuve en seco. Pero ahora est\u00e1n llegando por cientos de miles.&nbsp;<strong>Pero miren la caravana que ahora mismo camina por M\u00e9xico. Y Biden no tiene idea de qu\u00e9 hacer con eso<\/strong>&#8220;.<\/p>\n\n\n\n<p>Sobre que M\u00e9xico pag\u00f3 por el muro fronterizo, indic\u00f3 que &#8220;S\u00ed, lo hizo a lo grande. M\u00e9xico nos suministr\u00f3 miles y miles de soldados, y dije, M\u00e9xico va a pagar un pedazo del muro fronterizo porque tambi\u00e9n ayuda a M\u00e9xico.\u00a0<strong>Ayuda mucho a M\u00e9xico. Impide que la gente venga<\/strong>. Y fue muy efectivo. Sin el muro fronterizo nunca podr\u00eda haber tenido los n\u00fameros r\u00e9cord. Tuvimos cifras r\u00e9cord, el n\u00famero m\u00e1s bajo de personas jam\u00e1s registrado en la historia&#8221;.<\/p>\n\n\n\n<p>Record\u00f3: &#8220;Dije que lo que har\u00e9 es poner aranceles a los autos o har\u00e9 otra cosa. Y acordaron que pagar\u00edan, ya sabes, ese tipo de cosas porque lo has o\u00eddo. Pero acordaron que nos dar\u00edan miles de soldados gratis, lo que hicieron para proteger a nuestro pa\u00eds mientras se constru\u00eda el muro.<strong>&nbsp;Y ese dinero, esa cifra de la que est\u00e1s hablando era al menos equivalente al dinero que habr\u00edan puesto en un muro. Entonces lo usamos.<\/strong>&nbsp;Y la raz\u00f3n es que no hubo ning\u00fan proceso legal donde M\u00e9xico pueda darnos dinero para construir un muro en Estados Unidos. Pero hab\u00eda un proceso legal en el que pod\u00edan entregar soldados, as\u00ed que los entregaron de forma gratuita. Y fue muy efectivo y fueron soldados muy efectivos. Tengo que decir. Ellos hicieron un muy buen trabajo&#8221;.<\/p>\n\n\n\n<p>Acerca del T-MEC mencion\u00f3 que &#8220;al traer todo este negocio a trav\u00e9s de M\u00e9xico ahora, a M\u00e9xico le ha ido muy bien en particular, y se lo hemos quitado a pa\u00edses extranjeros muy lejanos. Entonces creo que he hecho mucho para ayudar a M\u00e9xico y estoy muy orgulloso de eso&#8221;.<\/p>\n\n\n\n<p>El exmandatario indic\u00f3 que, en relaci\u00f3n con el fentanilo, a &#8220;M\u00e9xico tampoco le gusta lo que est\u00e1 pasando con el fentanilo y con todas las otras cosas que est\u00e1n pasando por la frontera. Y M\u00e9xico tambi\u00e9n es v\u00edctima de ello.&nbsp;<strong>Tienes un tremendo problema con las drogas, con tu gente. El pueblo, las drogas, la destrucci\u00f3n de familias, la muerte<\/strong>. Entonces estar\u00edamos tratando con M\u00e9xico, pero hay que hacer algo al respecto. Estamos perdiendo, creo que probablemente 250 mil personas al a\u00f1o. Eso es como una gran intervenci\u00f3n militar. Hay que hacer algo al respecto&#8221;.<\/p>\n\n\n\n<p><\/p>\n","protected":false},"excerpt":{"rendered":"<p>En entrevista con Univision, Donald Trump comparti\u00f3 sus pensamientos sobre M\u00e9xico, L\u00f3pez Obrador y la&#8230;<\/p>\n","protected":false},"author":1,"featured_media":788,"comment_status":"open","ping_status":"open","sticky":false,"template":"","format":"standard","meta":{"footnotes":""},"categories":[5],"tags":[],"class_list":["post-787","post","type-post","status-publish","format-standard","has-post-thumbnail","hentry","category-internacional"],"_links":{"self":[{"href":"https:\/\/noticierotamaulipeco.info\/index.php?rest_route=\/wp\/v2\/posts\/787","targetHints":{"allow":["GET"]}}],"collection":[{"href":"https:\/\/noticierotamaulipeco.info\/index.php?rest_route=\/wp\/v2\/posts"}],"about":[{"href":"https:\/\/noticierotamaulipeco.info\/index.php?rest_route=\/wp\/v2\/types\/post"}],"author":[{"embeddable":true,"href":"https:\/\/noticierotamaulipeco.info\/index.php?rest_route=\/wp\/v2\/users\/1"}],"replies":[{"embeddable":true,"href":"https:\/\/noticierotamaulipeco.info\/index.php?rest_route=%2Fwp%2Fv2%2Fcomments&post=787"}],"version-history":[{"count":1,"href":"https:\/\/noticierotamaulipeco.info\/index.php?rest_route=\/wp\/v2\/posts\/787\/revisions"}],"predecessor-version":[{"id":790,"href":"https:\/\/noticierotamaulipeco.info\/index.php?rest_route=\/wp\/v2\/posts\/787\/revisions\/790"}],"wp:featuredmedia":[{"embeddable":true,"href":"https:\/\/noticierotamaulipeco.info\/index.php?rest_route=\/wp\/v2\/media\/788"}],"wp:attachment":[{"href":"https:\/\/noticierotamaulipeco.info\/index.php?rest_route=%2Fwp%2Fv2%2Fmedia&parent=787"}],"wp:term":[{"taxonomy":"category","embeddable":true,"href":"https:\/\/noticierotamaulipeco.info\/index.php?rest_route=%2Fwp%2Fv2%2Fcategories&post=787"},{"taxonomy":"post_tag","embeddable":true,"href":"https:\/\/noticierotamaulipeco.info\/index.php?rest_route=%2Fwp%2Fv2%2Ftags&post=787"}],"curies":[{"name":"wp","href":"https:\/\/api.w.org\/{rel}","templated":true}]}}