{"id":794,"date":"2023-11-11T23:29:34","date_gmt":"2023-11-11T23:29:34","guid":{"rendered":"https:\/\/noticierotamaulipeco.info\/?p=794"},"modified":"2023-11-12T23:34:14","modified_gmt":"2023-11-12T23:34:14","slug":"asi-reacciono-batres-ante-garcia-harfuch-por-triunfo-de-brugada","status":"publish","type":"post","link":"https:\/\/noticierotamaulipeco.info\/?p=794","title":{"rendered":"As\u00ed reaccion\u00f3 Batres ante Garc\u00eda Harfuch por triunfo de Brugada"},"content":{"rendered":"\n<p>El jefe de Gobierno de la Ciudad de M\u00e9xico, Mart\u00ed Batres, felicit\u00f3 a Clara Brugada quien ser\u00e1 la coordinadora de Defensa de la Cuarta Transformaci\u00f3n en la capital<\/p>\n\n\n\n<p>11 de noviembre de 2023 &#8211;<\/p>\n\n\n\n<figure class=\"wp-block-image size-full\"><img loading=\"lazy\" decoding=\"async\" width=\"770\" height=\"485\" src=\"https:\/\/noticierotamaulipeco.info\/wp-content\/uploads\/2023\/11\/eum20231111nac03_crop1699727448789.jpg_1970638775.webp\" alt=\"\" class=\"wp-image-795\" srcset=\"https:\/\/noticierotamaulipeco.info\/wp-content\/uploads\/2023\/11\/eum20231111nac03_crop1699727448789.jpg_1970638775.webp 770w, https:\/\/noticierotamaulipeco.info\/wp-content\/uploads\/2023\/11\/eum20231111nac03_crop1699727448789.jpg_1970638775-300x189.webp 300w, https:\/\/noticierotamaulipeco.info\/wp-content\/uploads\/2023\/11\/eum20231111nac03_crop1699727448789.jpg_1970638775-768x484.webp 768w, https:\/\/noticierotamaulipeco.info\/wp-content\/uploads\/2023\/11\/eum20231111nac03_crop1699727448789.jpg_1970638775-540x340.webp 540w\" sizes=\"auto, (max-width: 770px) 100vw, 770px\" \/><\/figure>\n\n\n\n<p>El jefe de Gobierno de la Ciudad de M\u00e9xico,&nbsp;<strong>Mart\u00ed Batres, felicit\u00f3 a Clara Brugada quien ser\u00e1 la coordinadora de Defensa de la Cuarta Transformaci\u00f3n en la capital<\/strong>.<\/p>\n\n\n\n<p>En redes sociales, el mandatario indic\u00f3\u00a0<strong>&#8220;Felicito a @ClaraBrugadaM, que encabezar\u00e1 los esfuerzos de la 4T en la Ciudad de M\u00e9xico. Su cari\u00f1o por la gente y su impulso creativo permitir\u00e1n abrir una nueva etapa de transformaciones en la capital&#8221;<\/strong>.<\/p>\n\n\n\n<p>Tambi\u00e9n\u00a0<strong>reconoci\u00f3 a Omar Garc\u00eda Harfuch, por su &#8220;madurez y el esp\u00edritu unitario y colaborador&#8221;<\/strong>.<\/p>\n\n\n\n<p>Adem\u00e1s de reconocer los altos perfiles de Mariana Boy, Hugo L\u00f3pez Gatell y Miguel Torruco Garza.<\/p>\n\n\n\n<p><strong>&#8220;Todas y todos contribuir\u00e1n a que sigan los cambios profundos iniciados en el pa\u00eds por @lopezobrador_ y que en adelante ser\u00e1n conducidos por la Dra @claudiashein.<\/strong><\/p>\n\n\n\n<p><strong>Abrazo a @mario_delgado y @CitlaHM por la conducci\u00f3n del proceso&#8221;<\/strong>.<\/p>\n\n\n\n<p>Morena Ciudad de M\u00e9xico felicit\u00f3 a Clara Brugada Molina, quien fue electa como coordinadora de los Comit\u00e9s de Defensa de la Cuarta Transformaci\u00f3n en la capital.<\/p>\n\n\n\n<p>&#8220;Quienes conocemos a Clara Brugada sabemos que es una mujer honesta y, sin duda, esta cualidad perme\u00f3 entre la poblaci\u00f3n ya que los resultados presentados por la Comisi\u00f3n Nacional de Encuestas de Morena mostraron que es la mujer m\u00e1s competitiva a nivel nacional&#8221;, dijo el partido en un comunicado.<\/p>\n\n\n\n<p>&#8220;Clara Brugada es una gran compa\u00f1era y luchadora social que con su trabajo, entusiasmo y compromiso ha aportado mucho a la transformaci\u00f3n de esta colosal ciudad, basti\u00f3n de nuestro Movimiento y de la izquierda mexicana&#8221;.<\/p>\n\n\n\n<p>El partido guinda en la capital,\u00a0<strong>indic\u00f3 que con su designaci\u00f3n se da cumplimiento a las reglas establecidas en la convocatoria emitida por Morena para la elecci\u00f3n de sus coordinadores en ocho estados y la Ciudad de M\u00e9xico, as\u00ed como a las estipuladas por las autoridades electorales<\/strong>.<\/p>\n\n\n\n<p>Tambi\u00e9n&nbsp;<strong>reconoci\u00f3 a Omar Garc\u00eda Harfuch, a quien calific\u00f3 como &#8220;un hombre de grandes convicciones y un servidor p\u00fablico recto cuyo desempe\u00f1o al frente de la Secretar\u00eda de Seguridad Ciudadana se traduce en la reducci\u00f3n de m\u00e1s del 60 % de los \u00edndices delictivos&#8221;<\/strong>.<\/p>\n\n\n\n<p>&#8220;Omar sum\u00f3 a nuestro Movimiento a sectores de la sociedad que hoy est\u00e1n convencidos que Morena en la Ciudad de M\u00e9xico representa el verdadero cambio y que, con las acciones que hemos emprendido, millones de familias hoy viven con bienestar&#8221;.<\/p>\n\n\n\n<p>Tambi\u00e9n agradeci\u00f3 a Mariana Boy Tamborrell, a Hugo L\u00f3pez-Gatell Ram\u00edrez y a Miguel Torruco Garza su participaci\u00f3n en este proceso.<\/p>\n\n\n\n<p>&#8220;Ahora que concluy\u00f3 esta etapa en la que se decidi\u00f3 que Clara Brugada sea quien nos represente el pr\u00f3ximo a\u00f1o en la elecci\u00f3n, en la que se renovar\u00e1 la Jefatura de Gobierno, vamos por el trabajo en unidad para que nuestro Movimiento siga triunfando sobre el conservadurismo&#8221;.<\/p>\n","protected":false},"excerpt":{"rendered":"<p>El jefe de Gobierno de la Ciudad de M\u00e9xico, Mart\u00ed Batres, felicit\u00f3 a Clara Brugada&#8230;<\/p>\n","protected":false},"author":1,"featured_media":795,"comment_status":"open","ping_status":"open","sticky":false,"template":"","format":"standard","meta":{"footnotes":""},"categories":[3],"tags":[],"class_list":["post-794","post","type-post","status-publish","format-standard","has-post-thumbnail","hentry","category-mexico"],"_links":{"self":[{"href":"https:\/\/noticierotamaulipeco.info\/index.php?rest_route=\/wp\/v2\/posts\/794","targetHints":{"allow":["GET"]}}],"collection":[{"href":"https:\/\/noticierotamaulipeco.info\/index.php?rest_route=\/wp\/v2\/posts"}],"about":[{"href":"https:\/\/noticierotamaulipeco.info\/index.php?rest_route=\/wp\/v2\/types\/post"}],"author":[{"embeddable":true,"href":"https:\/\/noticierotamaulipeco.info\/index.php?rest_route=\/wp\/v2\/users\/1"}],"replies":[{"embeddable":true,"href":"https:\/\/noticierotamaulipeco.info\/index.php?rest_route=%2Fwp%2Fv2%2Fcomments&post=794"}],"version-history":[{"count":1,"href":"https:\/\/noticierotamaulipeco.info\/index.php?rest_route=\/wp\/v2\/posts\/794\/revisions"}],"predecessor-version":[{"id":796,"href":"https:\/\/noticierotamaulipeco.info\/index.php?rest_route=\/wp\/v2\/posts\/794\/revisions\/796"}],"wp:featuredmedia":[{"embeddable":true,"href":"https:\/\/noticierotamaulipeco.info\/index.php?rest_route=\/wp\/v2\/media\/795"}],"wp:attachment":[{"href":"https:\/\/noticierotamaulipeco.info\/index.php?rest_route=%2Fwp%2Fv2%2Fmedia&parent=794"}],"wp:term":[{"taxonomy":"category","embeddable":true,"href":"https:\/\/noticierotamaulipeco.info\/index.php?rest_route=%2Fwp%2Fv2%2Fcategories&post=794"},{"taxonomy":"post_tag","embeddable":true,"href":"https:\/\/noticierotamaulipeco.info\/index.php?rest_route=%2Fwp%2Fv2%2Ftags&post=794"}],"curies":[{"name":"wp","href":"https:\/\/api.w.org\/{rel}","templated":true}]}}