{"id":797,"date":"2023-11-13T00:52:20","date_gmt":"2023-11-13T00:52:20","guid":{"rendered":"https:\/\/noticierotamaulipeco.info\/?p=797"},"modified":"2023-11-15T00:54:20","modified_gmt":"2023-11-15T00:54:20","slug":"fortalece-la-uat-compromiso-con-la-cultura-de-paz-y-derechos-de-los-universitarios","status":"publish","type":"post","link":"https:\/\/noticierotamaulipeco.info\/?p=797","title":{"rendered":"Fortalece la UAT compromiso con la cultura de paz y derechos de los universitarios"},"content":{"rendered":"\n<figure class=\"wp-block-image size-large\"><img loading=\"lazy\" decoding=\"async\" width=\"1024\" height=\"683\" src=\"https:\/\/noticierotamaulipeco.info\/wp-content\/uploads\/2023\/11\/5-5-1024x683.jpg\" alt=\"\" class=\"wp-image-798\" srcset=\"https:\/\/noticierotamaulipeco.info\/wp-content\/uploads\/2023\/11\/5-5-1024x683.jpg 1024w, https:\/\/noticierotamaulipeco.info\/wp-content\/uploads\/2023\/11\/5-5-300x200.jpg 300w, https:\/\/noticierotamaulipeco.info\/wp-content\/uploads\/2023\/11\/5-5-768x512.jpg 768w, https:\/\/noticierotamaulipeco.info\/wp-content\/uploads\/2023\/11\/5-5-1536x1025.jpg 1536w, https:\/\/noticierotamaulipeco.info\/wp-content\/uploads\/2023\/11\/5-5.jpg 2048w\" sizes=\"auto, (max-width: 1024px) 100vw, 1024px\" \/><\/figure>\n\n\n\n<p>13 de noviembre 2023 Al poner en marcha la Semana Universitaria de los Derechos Humanos, el rector<br>de la Universidad Aut\u00f3noma de Tamaulipas (UAT) Guillermo Mendoza Cavazos<br>reafirm\u00f3 el compromiso de fortalecer la cultura de paz, el respeto y la protecci\u00f3n<br>de los derechos de los universitarios de la M\u00e1xima Casa de Estudios de la entidad.<br>El C.P. Guillermo Mendoza presidi\u00f3 en el Campus Victoria la apertura de<br>actividades organizadas a trav\u00e9s de la Defensor\u00eda de los Derechos Universitarios<br>(DDU-UAT), acompa\u00f1ado por la Dra. Urenda Queletz\u00fa Navarro S\u00e1nchez,<br>presidenta de la Red Nacional de Organismos Defensores de Derechos<br>Universitarios, (REDDU), a qui\u00e9n dio la bienvenida y le agradeci\u00f3 el apoyo para<br>seguir promoviendo el conocimiento de los derechos humanos.<br>Se\u00f1al\u00f3 el rector que, en la UAT, se reconoce a la Defensor\u00eda como la<br>instancia para consolidar la pol\u00edtica institucional en materia de derechos humanos,<br>y subray\u00f3 la prioridad de respetar y proteger los derechos de quienes integran la<br>comunidad universitaria.<br>\u201cReitero mi compromiso de fortalecer este organismo y fomentar las<br>mejores pr\u00e1cticas en la materia; as\u00ed como tambi\u00e9n, de trabajar en propuestas de<br>reformas normativas y administrativas orientadas al inter\u00e9s superior de los<br>estudiantes\u201d, expres\u00f3.<br>Sostuvo el rector que se promueve una agenda de difusi\u00f3n, la<br>especializaci\u00f3n del personal y la activaci\u00f3n de herramientas de denuncia<br>accesibles como v\u00edas del primer contacto.<br>Agreg\u00f3 que, en el refuerzo a esas acciones, la universidad cuenta con el<br>Protocolo para Atender la Violencia de G\u00e9nero y el Plan Integral de Cultura de<br>Paz, como instrumentos para proteger a la comunidad universitaria en cuanto al<\/p>\n","protected":false},"excerpt":{"rendered":"<p>13 de noviembre 2023 Al poner en marcha la Semana Universitaria de los Derechos Humanos,&#8230;<\/p>\n","protected":false},"author":1,"featured_media":0,"comment_status":"open","ping_status":"open","sticky":false,"template":"","format":"standard","meta":{"footnotes":""},"categories":[4],"tags":[],"class_list":["post-797","post","type-post","status-publish","format-standard","hentry","category-educacion"],"_links":{"self":[{"href":"https:\/\/noticierotamaulipeco.info\/index.php?rest_route=\/wp\/v2\/posts\/797","targetHints":{"allow":["GET"]}}],"collection":[{"href":"https:\/\/noticierotamaulipeco.info\/index.php?rest_route=\/wp\/v2\/posts"}],"about":[{"href":"https:\/\/noticierotamaulipeco.info\/index.php?rest_route=\/wp\/v2\/types\/post"}],"author":[{"embeddable":true,"href":"https:\/\/noticierotamaulipeco.info\/index.php?rest_route=\/wp\/v2\/users\/1"}],"replies":[{"embeddable":true,"href":"https:\/\/noticierotamaulipeco.info\/index.php?rest_route=%2Fwp%2Fv2%2Fcomments&post=797"}],"version-history":[{"count":1,"href":"https:\/\/noticierotamaulipeco.info\/index.php?rest_route=\/wp\/v2\/posts\/797\/revisions"}],"predecessor-version":[{"id":799,"href":"https:\/\/noticierotamaulipeco.info\/index.php?rest_route=\/wp\/v2\/posts\/797\/revisions\/799"}],"wp:attachment":[{"href":"https:\/\/noticierotamaulipeco.info\/index.php?rest_route=%2Fwp%2Fv2%2Fmedia&parent=797"}],"wp:term":[{"taxonomy":"category","embeddable":true,"href":"https:\/\/noticierotamaulipeco.info\/index.php?rest_route=%2Fwp%2Fv2%2Fcategories&post=797"},{"taxonomy":"post_tag","embeddable":true,"href":"https:\/\/noticierotamaulipeco.info\/index.php?rest_route=%2Fwp%2Fv2%2Ftags&post=797"}],"curies":[{"name":"wp","href":"https:\/\/api.w.org\/{rel}","templated":true}]}}