{"id":800,"date":"2023-11-14T00:55:07","date_gmt":"2023-11-14T00:55:07","guid":{"rendered":"https:\/\/noticierotamaulipeco.info\/?p=800"},"modified":"2023-11-15T00:58:25","modified_gmt":"2023-11-15T00:58:25","slug":"tunden-a-ingrid-coronado-por-hablar-mal-de-fernando-del-solar","status":"publish","type":"post","link":"https:\/\/noticierotamaulipeco.info\/?p=800","title":{"rendered":"Tunden a Ingrid Coronado por hablar mal de Fernando del Solar"},"content":{"rendered":"\n<p>La conductora recibi\u00f3 fuertes cr\u00edticas luego de dar una conferencia en la que habl\u00f3 mal de su ex pareja, el fallecido conductor Fernando del Solar<\/p>\n\n\n\n<p>Por:\u00a0<a href=\"https:\/\/www.informador.mx\/staff\/sun\">SUN .<\/a>14 de noviembre de 2023\u00a0<\/p>\n\n\n\n<figure class=\"wp-block-image size-full\"><img loading=\"lazy\" decoding=\"async\" width=\"770\" height=\"485\" src=\"https:\/\/noticierotamaulipeco.info\/wp-content\/uploads\/2023\/11\/rs2902455_922102-93353880_crop1699993089986.jpg_1970638775-1.webp\" alt=\"\" class=\"wp-image-801\" srcset=\"https:\/\/noticierotamaulipeco.info\/wp-content\/uploads\/2023\/11\/rs2902455_922102-93353880_crop1699993089986.jpg_1970638775-1.webp 770w, https:\/\/noticierotamaulipeco.info\/wp-content\/uploads\/2023\/11\/rs2902455_922102-93353880_crop1699993089986.jpg_1970638775-1-300x189.webp 300w, https:\/\/noticierotamaulipeco.info\/wp-content\/uploads\/2023\/11\/rs2902455_922102-93353880_crop1699993089986.jpg_1970638775-1-768x484.webp 768w, https:\/\/noticierotamaulipeco.info\/wp-content\/uploads\/2023\/11\/rs2902455_922102-93353880_crop1699993089986.jpg_1970638775-1-540x340.webp 540w\" sizes=\"auto, (max-width: 770px) 100vw, 770px\" \/><\/figure>\n\n\n\n<p>Ingrid Coronado volvi\u00f3 a ser el centro de atenci\u00f3n en redes sociales este martes. A poco m\u00e1s de un a\u00f1o de la desafortunada muerte de su ex esposo y padre de sus hijos, el argentino&nbsp;<strong>Fernando del Solar<\/strong>,&nbsp;la conductora lo mencion\u00f3 en una conferencia que ofreci\u00f3, en la que record\u00f3 lo mal que la pas\u00f3 tras su separaci\u00f3n.&nbsp;<\/p>\n\n\n\n<p>La separaci\u00f3n entre Ingrid Coronado y Fernando del Solar se vio envuelta en la pol\u00e9mica, esto debido a que ocurri\u00f3 cuando el conductor argentino fue diagnosticado con c\u00e1ncer de pulm\u00f3n. En el momento, ambas partes dieron sus propias versiones de lo que aconteci\u00f3 en su matrimonio, y actualmente la ex Garibaldi sostiene que ha comenzado a recuperar su credibilidad y que esa \u00e9poca con Del Solar fue &#8220;la experiencia m\u00e1s dura y m\u00e1s injusta de su vida&#8221;.<\/p>\n\n\n\n<p>En entrevista con el programa matutino &#8220;<strong>Sale el So<\/strong>l&#8221;, Coronado asegur\u00f3 que siempre ha hablado con la verdad, y que no aguard\u00f3 a que Del Solar ya no estuviera en vivo, pues lo hizo desde antes.\u00a0&#8220;Yo no esper\u00e9 a que \u00e9l no estuviera, yo lo hice desde el principio, lo que pasa es que a m\u00ed nadie me crey\u00f3, ah\u00ed es donde est\u00e1 la diferencia&#8221;, asever\u00f3 durante la conferencia.<\/p>\n\n\n\n<p>Comparti\u00f3 que en ese momento se qued\u00f3 sin trabajo, con la cr\u00edtica al m\u00e1ximo y con las redes sociales en su contra,\u00a0resulta que en una ocasi\u00f3n ten\u00eda &#8220;57 pesos en su cuenta&#8221;, cuando supuestamente &#8220;estaba en un buen momento&#8221;.<\/p>\n\n\n\n<h2 class=\"wp-block-heading\"><strong>\u00bfQu\u00e9 dijeron las redes sociales sobre las declaraciones de Ingrid Coronado?<\/strong><\/h2>\n\n\n\n<p>Para muchos internautas, no es correcto que Ingrid Coronado hable de mala manera sobre Fernando del Solar cuando \u00e9l ya no se encuentra vivo para defenderse. La ex Garibaldi, que mencion\u00f3 en su reciente conferencia algunas an\u00e9cdotas junto al padre de sus hijos,\u00a0<strong>recibi\u00f3 duras cr\u00edticas<\/strong>\u00a0de cibernautas que le piden detenerse y dejar de mencionar al fallecido conductor argentino.<\/p>\n\n\n\n<p>&#8220;Ya que hable de otra cosa. No est\u00e1 bien que siga lucrando con la memoria del difunto sea verdad o mentira, no es \u00e9tico hacerlo. Que hable de Charlie, \u00e9l s\u00ed puede defenderse&#8221;. &#8220;Ya Ingrid, cambia de tema, deja descansar a tu ex, ya no se puede defender, y tienes hijos que ven lo que comentas, deja de quemar la imagen del pap\u00e1 de tus hijos&#8221;. &#8220;Qu\u00e9 ego\u00edsmo, \u00e9l muri\u00f3, \u00e9l la pas\u00f3 terrible con su enfermedad y ella est\u00e1 viva, sana, y aun as\u00ed sigue hablando de \u00e9l para quedar limpia, muy mal por ella&#8221;. &#8220;Ahora a lucrar con el fallecido, me parece una bajeza por parte de esta se\u00f1ora seguir lucrando con la memoria de Fernando y con lo que ella vivi\u00f3. De hecho, nunca se le ha cre\u00eddo su historia. Ya deja a Fernando en paz&#8221;, comentan algunos usuarios.<\/p>\n\n\n\n<p>Coronado lanz\u00f3 el pasado abril su libro &#8220;Mujer\u00f3n&#8221;, el que ha promocionado en sus presentaciones en vivo: &#8220;Este libro representa una etapa muy importante en mi vida y aunque NO es autobiogr\u00e1fico, me ayud\u00f3 a sanar y espero que tambi\u00e9n te ayude a ti&#8221;, dijo en una publicaci\u00f3n.&nbsp;<\/p>\n\n\n\n<p>Actualmente mantiene un proceso legal en contra de Anna Ferro, viuda de Fernando del Solar, por una propiedad que, seg\u00fan Coronado, le pertenece a ella y a sus hijos y no a Anna.<\/p>\n","protected":false},"excerpt":{"rendered":"<p>La conductora recibi\u00f3 fuertes cr\u00edticas luego de dar una conferencia en la que habl\u00f3 mal&#8230;<\/p>\n","protected":false},"author":1,"featured_media":801,"comment_status":"open","ping_status":"open","sticky":false,"template":"","format":"standard","meta":{"footnotes":""},"categories":[7],"tags":[],"class_list":["post-800","post","type-post","status-publish","format-standard","has-post-thumbnail","hentry","category-espectaculos"],"_links":{"self":[{"href":"https:\/\/noticierotamaulipeco.info\/index.php?rest_route=\/wp\/v2\/posts\/800","targetHints":{"allow":["GET"]}}],"collection":[{"href":"https:\/\/noticierotamaulipeco.info\/index.php?rest_route=\/wp\/v2\/posts"}],"about":[{"href":"https:\/\/noticierotamaulipeco.info\/index.php?rest_route=\/wp\/v2\/types\/post"}],"author":[{"embeddable":true,"href":"https:\/\/noticierotamaulipeco.info\/index.php?rest_route=\/wp\/v2\/users\/1"}],"replies":[{"embeddable":true,"href":"https:\/\/noticierotamaulipeco.info\/index.php?rest_route=%2Fwp%2Fv2%2Fcomments&post=800"}],"version-history":[{"count":1,"href":"https:\/\/noticierotamaulipeco.info\/index.php?rest_route=\/wp\/v2\/posts\/800\/revisions"}],"predecessor-version":[{"id":802,"href":"https:\/\/noticierotamaulipeco.info\/index.php?rest_route=\/wp\/v2\/posts\/800\/revisions\/802"}],"wp:featuredmedia":[{"embeddable":true,"href":"https:\/\/noticierotamaulipeco.info\/index.php?rest_route=\/wp\/v2\/media\/801"}],"wp:attachment":[{"href":"https:\/\/noticierotamaulipeco.info\/index.php?rest_route=%2Fwp%2Fv2%2Fmedia&parent=800"}],"wp:term":[{"taxonomy":"category","embeddable":true,"href":"https:\/\/noticierotamaulipeco.info\/index.php?rest_route=%2Fwp%2Fv2%2Fcategories&post=800"},{"taxonomy":"post_tag","embeddable":true,"href":"https:\/\/noticierotamaulipeco.info\/index.php?rest_route=%2Fwp%2Fv2%2Ftags&post=800"}],"curies":[{"name":"wp","href":"https:\/\/api.w.org\/{rel}","templated":true}]}}