{"id":8029,"date":"2026-04-20T19:12:58","date_gmt":"2026-04-20T19:12:58","guid":{"rendered":"https:\/\/noticierotamaulipeco.info\/?p=8029"},"modified":"2026-04-29T19:16:50","modified_gmt":"2026-04-29T19:16:50","slug":"trabaja-gobierno-de-tamaulipas-en-transformacion-de-la-plaza-heroes-de-la-independencia-en-ciudad-victoria","status":"publish","type":"post","link":"https:\/\/noticierotamaulipeco.info\/?p=8029","title":{"rendered":"Trabaja Gobierno de Tamaulipas en transformaci\u00f3n de la plaza \u201cH\u00e9roes de la Independencia\u201d en Ciudad Victoria"},"content":{"rendered":"\n<p>20 Abril, 2026<\/p>\n\n\n\n<p>Ciudad Victoria, Tamaulipas.\u2013 Con el objetivo de recuperar espacios p\u00fablicos en todas las regiones del estado, el Gobierno de Tamaulipas, encabezado por Am\u00e9rico Villarreal Anaya, a trav\u00e9s de la Secretar\u00eda de Obras P\u00fablicas (SOP), lleva a cabo la rehabilitaci\u00f3n de la plaza \u201cH\u00e9roes de la Independencia\u201d, ubicada en Ciudad Victoria.<\/p>\n\n\n\n<p>El secretario de Obras P\u00fablicas, Pedro Cepeda Anaya, inform\u00f3 que, con una inversi\u00f3n cercana a los 10 millones de pesos, se realizan trabajos en este emblem\u00e1tico espacio, en beneficio de las y los victorenses.<\/p>\n\n\n\n<p>\u201cAdem\u00e1s de la rehabilitaci\u00f3n de andadores, el per\u00edmetro de la plaza, la iluminaci\u00f3n y la jardiner\u00eda, se instalar\u00e1n nuevas bancas; asimismo, se gestionar\u00e1 un permiso ante el Instituto Nacional de Antropolog\u00eda e Historia para llevar a cabo la limpieza del monumento a los H\u00e9roes de la Independencia\u201d, se\u00f1al\u00f3 el funcionario.<\/p>\n\n\n\n<p>Cepeda Anaya reiter\u00f3 el compromiso de la administraci\u00f3n estatal de impulsar obras que fomenten el sentido de pertenencia y contribuyan a la preservaci\u00f3n del patrimonio hist\u00f3rico y cultural de Tamaulipas.<\/p>\n\n\n\n<p>Agreg\u00f3 que, con estas acciones, el Gobierno del Estado refrenda su visi\u00f3n de transformar las ciudades en espacios m\u00e1s ordenados, modernos y funcionales, donde la ciudadan\u00eda pueda desarrollarse en un entorno digno y seguro.<\/p>\n\n\n\n<p><\/p>\n","protected":false},"excerpt":{"rendered":"<p>20 Abril, 2026 Ciudad Victoria, Tamaulipas.\u2013 Con el objetivo de recuperar espacios p\u00fablicos en todas&#8230;<\/p>\n","protected":false},"author":1,"featured_media":8030,"comment_status":"open","ping_status":"open","sticky":false,"template":"","format":"standard","meta":{"footnotes":""},"categories":[2],"tags":[],"class_list":["post-8029","post","type-post","status-publish","format-standard","has-post-thumbnail","hentry","category-tamaulipas"],"_links":{"self":[{"href":"https:\/\/noticierotamaulipeco.info\/index.php?rest_route=\/wp\/v2\/posts\/8029","targetHints":{"allow":["GET"]}}],"collection":[{"href":"https:\/\/noticierotamaulipeco.info\/index.php?rest_route=\/wp\/v2\/posts"}],"about":[{"href":"https:\/\/noticierotamaulipeco.info\/index.php?rest_route=\/wp\/v2\/types\/post"}],"author":[{"embeddable":true,"href":"https:\/\/noticierotamaulipeco.info\/index.php?rest_route=\/wp\/v2\/users\/1"}],"replies":[{"embeddable":true,"href":"https:\/\/noticierotamaulipeco.info\/index.php?rest_route=%2Fwp%2Fv2%2Fcomments&post=8029"}],"version-history":[{"count":1,"href":"https:\/\/noticierotamaulipeco.info\/index.php?rest_route=\/wp\/v2\/posts\/8029\/revisions"}],"predecessor-version":[{"id":8031,"href":"https:\/\/noticierotamaulipeco.info\/index.php?rest_route=\/wp\/v2\/posts\/8029\/revisions\/8031"}],"wp:featuredmedia":[{"embeddable":true,"href":"https:\/\/noticierotamaulipeco.info\/index.php?rest_route=\/wp\/v2\/media\/8030"}],"wp:attachment":[{"href":"https:\/\/noticierotamaulipeco.info\/index.php?rest_route=%2Fwp%2Fv2%2Fmedia&parent=8029"}],"wp:term":[{"taxonomy":"category","embeddable":true,"href":"https:\/\/noticierotamaulipeco.info\/index.php?rest_route=%2Fwp%2Fv2%2Fcategories&post=8029"},{"taxonomy":"post_tag","embeddable":true,"href":"https:\/\/noticierotamaulipeco.info\/index.php?rest_route=%2Fwp%2Fv2%2Ftags&post=8029"}],"curies":[{"name":"wp","href":"https:\/\/api.w.org\/{rel}","templated":true}]}}