{"id":803,"date":"2023-11-15T02:07:00","date_gmt":"2023-11-15T02:07:00","guid":{"rendered":"https:\/\/noticierotamaulipeco.info\/?p=803"},"modified":"2023-11-15T14:10:56","modified_gmt":"2023-11-15T14:10:56","slug":"premio-estatal-de-la-juventud-2023-reconocera-el-talento-de-las-juventudes-de-tamaulipas","status":"publish","type":"post","link":"https:\/\/noticierotamaulipeco.info\/?p=803","title":{"rendered":"PREMIO ESTATAL DE LA JUVENTUD 2023, RECONOCER\u00c1 EL TALENTO DE LAS JUVENTUDES DE TAMAULIPAS"},"content":{"rendered":"\n<figure class=\"wp-block-image size-full\"><img loading=\"lazy\" decoding=\"async\" width=\"850\" height=\"500\" src=\"https:\/\/noticierotamaulipeco.info\/wp-content\/uploads\/2023\/11\/STR-185-2023.-Premio-Estatal-de-la-Juventud-2023-reconocera-el-talento-de-las-juventudes-de-Tamaulipas-1-850x500-1.jpg\" alt=\"\" class=\"wp-image-805\" srcset=\"https:\/\/noticierotamaulipeco.info\/wp-content\/uploads\/2023\/11\/STR-185-2023.-Premio-Estatal-de-la-Juventud-2023-reconocera-el-talento-de-las-juventudes-de-Tamaulipas-1-850x500-1.jpg 850w, https:\/\/noticierotamaulipeco.info\/wp-content\/uploads\/2023\/11\/STR-185-2023.-Premio-Estatal-de-la-Juventud-2023-reconocera-el-talento-de-las-juventudes-de-Tamaulipas-1-850x500-1-300x176.jpg 300w, https:\/\/noticierotamaulipeco.info\/wp-content\/uploads\/2023\/11\/STR-185-2023.-Premio-Estatal-de-la-Juventud-2023-reconocera-el-talento-de-las-juventudes-de-Tamaulipas-1-850x500-1-768x452.jpg 768w\" sizes=\"auto, (max-width: 850px) 100vw, 850px\" \/><\/figure>\n\n\n\n<p><span style=\"color: rgb(69, 73, 76); font-family: &quot;Encode Sans&quot;, sans-serif; font-size: 14px; white-space-collapse: collapse;\">Noviembre 14 de 2024<\/span><p style=\"box-sizing: border-box; margin-top: 0px; margin-bottom: 20px; font-family: &quot;Encode Sans&quot;, sans-serif; color: rgb(69, 73, 76); font-size: 14px; white-space-collapse: collapse; text-align: justify;\">Ciudad Victoria, Tamaulipas.- En sesi\u00f3n ordinaria del Instituto Tamaulipeco de la Juventud, la secretaria del Trabajo y Previsi\u00f3n Social del gobierno de Tamaulipas, Olga Sosa realiz\u00f3 un balance de las diversas actividades desarrolladas por el Injuve y su directora, Katalyna M\u00e9ndez y destac\u00f3 el Premio Estatal de la Juventud 2023 que reconocer\u00e1 al talento tamaulipeco en dos categor\u00edas, de 12 a 17 a\u00f1os y de 18 a 29 a\u00f1os.<\/p><p style=\"box-sizing: border-box; margin-top: 0px; margin-bottom: 20px; font-family: &quot;Encode Sans&quot;, sans-serif; color: rgb(69, 73, 76); font-size: 14px; white-space-collapse: collapse; text-align: justify;\">\u00abEl gobierno del doctor Am\u00e9rico Villarreal Anaya ha puesto especial atenci\u00f3n de las juventudes\u00bb, se\u00f1al\u00f3 la secretaria del Trabajo.<\/p><p style=\"box-sizing: border-box; margin-top: 0px; margin-bottom: 20px; font-family: &quot;Encode Sans&quot;, sans-serif; color: rgb(69, 73, 76); font-size: 14px; white-space-collapse: collapse; text-align: justify;\">Olga Sosa Ru\u00edz destac\u00f3 que en el rubro que cubre la sesi\u00f3n ordinaria, se han desarrollado las acciones como son: Expo Juventud, Pi\u00e9nsalo dos veces, donde se realizan pl\u00e1ticas informativas y orientativas en salud mental, prevenci\u00f3n de embarazos no deseados y ciberseguridad; as\u00ed como Mercado Joven que apoya el emprendedurismo y Misi\u00f3n Tamaulipas enfocado en el cuidado y protecci\u00f3n del medio ambiente.<\/p><p style=\"box-sizing: border-box; margin-top: 0px; margin-bottom: 20px; font-family: &quot;Encode Sans&quot;, sans-serif; color: rgb(69, 73, 76); font-size: 14px; white-space-collapse: collapse; text-align: justify;\">Por su parte, Katalyna M\u00e9ndez, puntualiz\u00f3 que con la convocatoria al Premio Estatal de la Juventud Tamaulipas 2023, que estar\u00e1 abierta del 10 al 30 de noviembre, se est\u00e1 invitando a toda la poblaci\u00f3n para que se registre a trav\u00e9s del enlace web: https:\/\/www.tamaulipas.gob.mx\/jovenes\/wp content\/uploads\/sites\/19\/2023\/11\/convocatoria-completa-premios-copia.pdf.<\/p><p style=\"box-sizing: border-box; margin-top: 0px; margin-bottom: 20px; font-family: &quot;Encode Sans&quot;, sans-serif; color: rgb(69, 73, 76); font-size: 14px; white-space-collapse: collapse; text-align: justify;\">La Junta de gobierno aprob\u00f3 que se galardonen en las \u00e1reas de Desarrollo Acad\u00e9mico, Cultura y Artes, G\u00e9nero y Diversidad, Apoyo al Campo y Desarrollo Rural, Cuidado del Medio Ambiente, Impulso al Emprendimiento, Talento Deportivo, Inclusi\u00f3n y Desarrollo de Personas con Discapacidad, Cultura Pol\u00edtica y Democracia Participativa, y Ciencia y Tecnolog\u00eda.<\/p><p style=\"box-sizing: border-box; margin-top: 0px; margin-bottom: 20px; font-family: &quot;Encode Sans&quot;, sans-serif; color: rgb(69, 73, 76); font-size: 14px; white-space-collapse: collapse; text-align: justify;\">Adem\u00e1s, se aprob\u00f3 en sus t\u00e9rminos, la convocatoria de entrega por parte del gobernador Am\u00e9rico Villarreal Anaya de 20 premios a j\u00f3venes por el monto de 50,000 mil pesos. La Junta de Gobierno reconoci\u00f3 el trabajo e impulso a la juventud como parte de una pol\u00edtica humanista en Tamaulipas.<\/p><\/p>\n\n\n\n<figure class=\"wp-block-image size-full\"><img loading=\"lazy\" decoding=\"async\" width=\"850\" height=\"500\" src=\"https:\/\/noticierotamaulipeco.info\/wp-content\/uploads\/2023\/11\/image.png\" alt=\"\" class=\"wp-image-804\" srcset=\"https:\/\/noticierotamaulipeco.info\/wp-content\/uploads\/2023\/11\/image.png 850w, https:\/\/noticierotamaulipeco.info\/wp-content\/uploads\/2023\/11\/image-300x176.png 300w, https:\/\/noticierotamaulipeco.info\/wp-content\/uploads\/2023\/11\/image-768x452.png 768w\" sizes=\"auto, (max-width: 850px) 100vw, 850px\" \/><\/figure>\n","protected":false},"excerpt":{"rendered":"<p>Noviembre 14 de 2024 Ciudad Victoria, Tamaulipas.- En sesi\u00f3n ordinaria del Instituto Tamaulipeco de la&#8230;<\/p>\n","protected":false},"author":1,"featured_media":805,"comment_status":"open","ping_status":"open","sticky":false,"template":"","format":"standard","meta":{"footnotes":""},"categories":[2],"tags":[],"class_list":["post-803","post","type-post","status-publish","format-standard","has-post-thumbnail","hentry","category-tamaulipas"],"_links":{"self":[{"href":"https:\/\/noticierotamaulipeco.info\/index.php?rest_route=\/wp\/v2\/posts\/803","targetHints":{"allow":["GET"]}}],"collection":[{"href":"https:\/\/noticierotamaulipeco.info\/index.php?rest_route=\/wp\/v2\/posts"}],"about":[{"href":"https:\/\/noticierotamaulipeco.info\/index.php?rest_route=\/wp\/v2\/types\/post"}],"author":[{"embeddable":true,"href":"https:\/\/noticierotamaulipeco.info\/index.php?rest_route=\/wp\/v2\/users\/1"}],"replies":[{"embeddable":true,"href":"https:\/\/noticierotamaulipeco.info\/index.php?rest_route=%2Fwp%2Fv2%2Fcomments&post=803"}],"version-history":[{"count":1,"href":"https:\/\/noticierotamaulipeco.info\/index.php?rest_route=\/wp\/v2\/posts\/803\/revisions"}],"predecessor-version":[{"id":806,"href":"https:\/\/noticierotamaulipeco.info\/index.php?rest_route=\/wp\/v2\/posts\/803\/revisions\/806"}],"wp:featuredmedia":[{"embeddable":true,"href":"https:\/\/noticierotamaulipeco.info\/index.php?rest_route=\/wp\/v2\/media\/805"}],"wp:attachment":[{"href":"https:\/\/noticierotamaulipeco.info\/index.php?rest_route=%2Fwp%2Fv2%2Fmedia&parent=803"}],"wp:term":[{"taxonomy":"category","embeddable":true,"href":"https:\/\/noticierotamaulipeco.info\/index.php?rest_route=%2Fwp%2Fv2%2Fcategories&post=803"},{"taxonomy":"post_tag","embeddable":true,"href":"https:\/\/noticierotamaulipeco.info\/index.php?rest_route=%2Fwp%2Fv2%2Ftags&post=803"}],"curies":[{"name":"wp","href":"https:\/\/api.w.org\/{rel}","templated":true}]}}