{"id":8038,"date":"2026-04-20T19:22:08","date_gmt":"2026-04-20T19:22:08","guid":{"rendered":"https:\/\/noticierotamaulipeco.info\/?p=8038"},"modified":"2026-04-29T19:24:06","modified_gmt":"2026-04-29T19:24:06","slug":"ai-alerta-del-deterioro-de-derechos-humanos-y-crisis-de-desaparecidos-en-mexico","status":"publish","type":"post","link":"https:\/\/noticierotamaulipeco.info\/?p=8038","title":{"rendered":"AI alerta del deterioro de derechos humanos y crisis de desaparecidos en M\u00e9xico"},"content":{"rendered":"\n<p>20 Abril, 2026<\/p>\n\n\n\n<p>Amnist\u00eda Internacional (AI) advirti\u00f3 sobre&nbsp;<strong>el deterioro de la situaci\u00f3n de los derechos humanos en M\u00e9xico<\/strong>&nbsp;durante 2025, con preocupaci\u00f3n por la crisis de desapariciones, el aumento de asesinatos de defensores y periodistas, as\u00ed como la vulnerabilidad de migrantes y personas desplazadas por la violencia.<\/p>\n\n\n\n<p>En su informe anual sobre la Situaci\u00f3n de los Derechos Humanos en el Mundo 2026, la organizaci\u00f3n se\u00f1al\u00f3 que&nbsp;<strong>M\u00e9xico se mantiene como uno de los pa\u00edses m\u00e1s peligrosos<\/strong>&nbsp;para quienes defienden derechos humanos y ejercen el periodismo.<\/p>\n\n\n\n<p>Seg\u00fan el documento, el a\u00f1o pasado&nbsp;<strong>el pa\u00eds ocup\u00f3 el segundo lugar a nivel mundial en asesinatos de defensores<\/strong>, con 32 casos registrados en 2024, frente a 30 del a\u00f1o previo. En el \u00e1mbito ambiental, el Centro Mexicano de Derecho Ambiental report\u00f3 25 personas asesinadas por proteger el medioambiente, seis m\u00e1s que en 2023.<\/p>\n\n\n\n<p>En materia de prensa,&nbsp;<strong>Amnist\u00eda retom\u00f3 datos de la organizaci\u00f3n Art\u00edculo 19,<\/strong>&nbsp;que document\u00f3 el asesinato de siete periodistas durante el a\u00f1o<strong>&nbsp;\u201cen represalia por su labor informativa\u201d,<\/strong>&nbsp;adem\u00e1s de 51 casos de acoso judicial contra comunicadores y medios entre enero y julio, m\u00e1s del doble que el a\u00f1o anterior.<\/p>\n\n\n\n<p>El informe tambi\u00e9n puso \u00e9nfasis en<strong>&nbsp;la crisis de desapariciones forzadas y desapariciones<\/strong>&nbsp;cometidas por particulares.<\/p>\n\n\n\n<p>Se\u00f1al\u00f3 que, ante la magnitud del problema, el Comit\u00e9 de la ONU contra la Desaparici\u00f3n Forzada a<strong>ctiv\u00f3 por primera vez el procedimiento del art\u00edculo 34<\/strong>\u00a0para analizar si este fen\u00f3meno se practica de manera \u201csistem\u00e1tica o generalizada\u201d en el pa\u00eds.<\/p>\n\n\n\n<p>En el \u00e1mbito migratorio,<strong>\u00a0la organizaci\u00f3n denunci\u00f3 extorsiones, secuestros y cobros ilegale<\/strong>s en retenes en las carreteras contra personas migrantes y refugiadas que cruzan M\u00e9xico, adem\u00e1s de dificultades para acceder a salud, educaci\u00f3n y empleo.<\/p>\n\n\n\n<p>Amnist\u00eda destac\u00f3, adem\u00e1s, que la Comisi\u00f3n Mexicana de Ayuda a Refugiados recibi\u00f3&nbsp;<strong>m\u00e1s de 58,800 solicitudes de asilo durante 2025,<\/strong>&nbsp;principalmente de personas procedentes de Cuba, Venezuela y Hait\u00ed.<\/p>\n\n\n\n<p>Otro foco de alerta fue el desplazamiento forzado interno. Un informe citado de la Universidad Iberoamericana document\u00f3<strong>&nbsp;un aumento del 129 % en 2024 respecto al a\u00f1o anterior<\/strong>, con al menos 28,900 personas desplazadas, principalmente en Chiapas, Sinaloa, Michoac\u00e1n, Chihuahua y Guerrero.<\/p>\n\n\n\n<p>Pese a este panorama, el reporte destac\u00f3 algunos avances,<strong>\u00a0como la disminuci\u00f3n de la pobreza multidimensional al 29.6 % de la poblaci\u00f3n<\/strong>\u00a0y la despenalizaci\u00f3n del aborto en cuatro estados del pa\u00eds durante 2025.<\/p>\n","protected":false},"excerpt":{"rendered":"<p>20 Abril, 2026 Amnist\u00eda Internacional (AI) advirti\u00f3 sobre&nbsp;el deterioro de la situaci\u00f3n de los derechos&#8230;<\/p>\n","protected":false},"author":1,"featured_media":8039,"comment_status":"open","ping_status":"open","sticky":false,"template":"","format":"standard","meta":{"footnotes":""},"categories":[3],"tags":[],"class_list":["post-8038","post","type-post","status-publish","format-standard","has-post-thumbnail","hentry","category-mexico"],"_links":{"self":[{"href":"https:\/\/noticierotamaulipeco.info\/index.php?rest_route=\/wp\/v2\/posts\/8038","targetHints":{"allow":["GET"]}}],"collection":[{"href":"https:\/\/noticierotamaulipeco.info\/index.php?rest_route=\/wp\/v2\/posts"}],"about":[{"href":"https:\/\/noticierotamaulipeco.info\/index.php?rest_route=\/wp\/v2\/types\/post"}],"author":[{"embeddable":true,"href":"https:\/\/noticierotamaulipeco.info\/index.php?rest_route=\/wp\/v2\/users\/1"}],"replies":[{"embeddable":true,"href":"https:\/\/noticierotamaulipeco.info\/index.php?rest_route=%2Fwp%2Fv2%2Fcomments&post=8038"}],"version-history":[{"count":1,"href":"https:\/\/noticierotamaulipeco.info\/index.php?rest_route=\/wp\/v2\/posts\/8038\/revisions"}],"predecessor-version":[{"id":8040,"href":"https:\/\/noticierotamaulipeco.info\/index.php?rest_route=\/wp\/v2\/posts\/8038\/revisions\/8040"}],"wp:featuredmedia":[{"embeddable":true,"href":"https:\/\/noticierotamaulipeco.info\/index.php?rest_route=\/wp\/v2\/media\/8039"}],"wp:attachment":[{"href":"https:\/\/noticierotamaulipeco.info\/index.php?rest_route=%2Fwp%2Fv2%2Fmedia&parent=8038"}],"wp:term":[{"taxonomy":"category","embeddable":true,"href":"https:\/\/noticierotamaulipeco.info\/index.php?rest_route=%2Fwp%2Fv2%2Fcategories&post=8038"},{"taxonomy":"post_tag","embeddable":true,"href":"https:\/\/noticierotamaulipeco.info\/index.php?rest_route=%2Fwp%2Fv2%2Ftags&post=8038"}],"curies":[{"name":"wp","href":"https:\/\/api.w.org\/{rel}","templated":true}]}}