{"id":8075,"date":"2026-05-01T01:06:06","date_gmt":"2026-05-01T01:06:06","guid":{"rendered":"https:\/\/noticierotamaulipeco.info\/?p=8075"},"modified":"2026-05-03T01:07:10","modified_gmt":"2026-05-03T01:07:10","slug":"fomenta-uat-nuevas-vocaciones-acercando-a-la-infancia-al-entorno-universitario","status":"publish","type":"post","link":"https:\/\/noticierotamaulipeco.info\/?p=8075","title":{"rendered":"Fomenta UAT nuevas vocaciones acercando a la infancia al entorno universitario"},"content":{"rendered":"\n<p>Ciudad Victoria, Tam.; 1 de mayo de 2026.<\/p>\n\n\n\n<p>En el marco de la celebraci\u00f3n del D\u00eda del Ni\u00f1o y la Ni\u00f1a, la Universidad Aut\u00f3noma de<br>Tamaulipas (UAT) llev\u00f3 a cabo el proyecto \u201cEl Mundo Donde Todo Comienza\u201d, una<br>iniciativa orientada a fortalecer la formaci\u00f3n humanista, la vinculaci\u00f3n social y el<br>acercamiento temprano de la infancia al entorno universitario.<br>Organizada por la Secretar\u00eda de Vinculaci\u00f3n, a trav\u00e9s de la Direcci\u00f3n de Participaci\u00f3n<br>Estudiantil, la jornada se llev\u00f3 a cabo en el Centro de Desarrollo Infantil (CENDI) de la<br>UAT en esta capital, con la participaci\u00f3n de estudiantes de las distintas dependencias<br>acad\u00e9micas del Campus Victoria.<br>La jornada de convivencia integr\u00f3 din\u00e1micas l\u00fadicas, actividades recreativas y<br>ejercicios formativos, propiciando un espacio de aprendizaje y alegr\u00eda que despert\u00f3 en<br>las y los peque\u00f1os el inter\u00e9s por el conocimiento y diversas vocaciones profesionales.<br>La actividad responde a la visi\u00f3n promovida por el rector D\u00e1maso Anaya Alvarado de<br>consolidar una Universidad cercana, con sentido humanista y compromiso social,<br>generando acciones que vinculen a las juventudes universitarias con iniciativas que<br>contribuyan al tejido comunitario.<br>En este esfuerzo tambi\u00e9n destac\u00f3 la colaboraci\u00f3n de Familia UAT, sumando<br>voluntades para hacer posible una celebraci\u00f3n con profundo sentido formativo y<br>social.<br>A trav\u00e9s de esta experiencia, los universitarios compartieron de manera creativa<br>saberes y vivencias relacionadas con distintas disciplinas, mostrando a la ni\u00f1ez una<\/p>\n\n\n\n<p>primera aproximaci\u00f3n al mundo profesional y sembrando, desde temprana edad,<br>aspiraciones y proyectos de futuro.<br>Entre las actividades destacan una mini granja interactiva, muestras de agronom\u00eda,<br>ejercicios demostrativos, din\u00e1micas de animaci\u00f3n, entre otras, generando un<br>ambiente festivo en el que muchas ni\u00f1as y ni\u00f1os asistentes acudieron caracterizados<br>como profesionistas, recreando oficios y carreras en una experiencia que combin\u00f3<br>imaginaci\u00f3n, aprendizaje y entusiasmo.<\/p>\n\n\n\n<figure class=\"wp-block-image size-full\"><img loading=\"lazy\" decoding=\"async\" width=\"1024\" height=\"414\" src=\"https:\/\/noticierotamaulipeco.info\/wp-content\/uploads\/2026\/05\/4-34-1024x414-1.jpg\" alt=\"\" class=\"wp-image-8076\" srcset=\"https:\/\/noticierotamaulipeco.info\/wp-content\/uploads\/2026\/05\/4-34-1024x414-1.jpg 1024w, https:\/\/noticierotamaulipeco.info\/wp-content\/uploads\/2026\/05\/4-34-1024x414-1-300x121.jpg 300w, https:\/\/noticierotamaulipeco.info\/wp-content\/uploads\/2026\/05\/4-34-1024x414-1-768x311.jpg 768w\" sizes=\"auto, (max-width: 1024px) 100vw, 1024px\" \/><\/figure>\n","protected":false},"excerpt":{"rendered":"<p>Ciudad Victoria, Tam.; 1 de mayo de 2026. En el marco de la celebraci\u00f3n del&#8230;<\/p>\n","protected":false},"author":1,"featured_media":8076,"comment_status":"open","ping_status":"open","sticky":false,"template":"","format":"standard","meta":{"footnotes":""},"categories":[4],"tags":[],"class_list":["post-8075","post","type-post","status-publish","format-standard","has-post-thumbnail","hentry","category-educacion"],"_links":{"self":[{"href":"https:\/\/noticierotamaulipeco.info\/index.php?rest_route=\/wp\/v2\/posts\/8075","targetHints":{"allow":["GET"]}}],"collection":[{"href":"https:\/\/noticierotamaulipeco.info\/index.php?rest_route=\/wp\/v2\/posts"}],"about":[{"href":"https:\/\/noticierotamaulipeco.info\/index.php?rest_route=\/wp\/v2\/types\/post"}],"author":[{"embeddable":true,"href":"https:\/\/noticierotamaulipeco.info\/index.php?rest_route=\/wp\/v2\/users\/1"}],"replies":[{"embeddable":true,"href":"https:\/\/noticierotamaulipeco.info\/index.php?rest_route=%2Fwp%2Fv2%2Fcomments&post=8075"}],"version-history":[{"count":1,"href":"https:\/\/noticierotamaulipeco.info\/index.php?rest_route=\/wp\/v2\/posts\/8075\/revisions"}],"predecessor-version":[{"id":8077,"href":"https:\/\/noticierotamaulipeco.info\/index.php?rest_route=\/wp\/v2\/posts\/8075\/revisions\/8077"}],"wp:featuredmedia":[{"embeddable":true,"href":"https:\/\/noticierotamaulipeco.info\/index.php?rest_route=\/wp\/v2\/media\/8076"}],"wp:attachment":[{"href":"https:\/\/noticierotamaulipeco.info\/index.php?rest_route=%2Fwp%2Fv2%2Fmedia&parent=8075"}],"wp:term":[{"taxonomy":"category","embeddable":true,"href":"https:\/\/noticierotamaulipeco.info\/index.php?rest_route=%2Fwp%2Fv2%2Fcategories&post=8075"},{"taxonomy":"post_tag","embeddable":true,"href":"https:\/\/noticierotamaulipeco.info\/index.php?rest_route=%2Fwp%2Fv2%2Ftags&post=8075"}],"curies":[{"name":"wp","href":"https:\/\/api.w.org\/{rel}","templated":true}]}}