{"id":829,"date":"2023-09-17T15:12:35","date_gmt":"2023-09-17T15:12:35","guid":{"rendered":"https:\/\/noticierotamaulipeco.info\/?p=829"},"modified":"2023-11-16T15:14:46","modified_gmt":"2023-11-16T15:14:46","slug":"la-uat-se-suma-a-la-semana-de-accion-global-por-los-objetivos-de-desarrollo-sostenible","status":"publish","type":"post","link":"https:\/\/noticierotamaulipeco.info\/?p=829","title":{"rendered":"La UAT se suma a la Semana de Acci\u00f3n Global por los Objetivos de Desarrollo Sostenible"},"content":{"rendered":"\n<figure class=\"wp-block-image size-large\"><img loading=\"lazy\" decoding=\"async\" width=\"1024\" height=\"579\" src=\"https:\/\/noticierotamaulipeco.info\/wp-content\/uploads\/2023\/11\/img17-1024x579.jpg\" alt=\"\" class=\"wp-image-830\" srcset=\"https:\/\/noticierotamaulipeco.info\/wp-content\/uploads\/2023\/11\/img17-1024x579.jpg 1024w, https:\/\/noticierotamaulipeco.info\/wp-content\/uploads\/2023\/11\/img17-300x170.jpg 300w, https:\/\/noticierotamaulipeco.info\/wp-content\/uploads\/2023\/11\/img17-768x434.jpg 768w, https:\/\/noticierotamaulipeco.info\/wp-content\/uploads\/2023\/11\/img17-1536x869.jpg 1536w, https:\/\/noticierotamaulipeco.info\/wp-content\/uploads\/2023\/11\/img17-2048x1158.jpg 2048w\" sizes=\"auto, (max-width: 1024px) 100vw, 1024px\" \/><\/figure>\n\n\n\n<p>Ciudad Victoria, Tam.; 17 de septiembre de 2023.<br>La UAT se suma a la Semana de Acci\u00f3n Global por los Objetivos de Desarrollo Sostenible<\/p>\n\n\n\n<p>En el marco de las pol\u00edticas institucionales que impulsa el rector Guillermo<br>Mendoza Cavazos, y que reafirman el compromiso de los universitarios con la<br>protecci\u00f3n del medio ambiente, la Universidad Aut\u00f3noma de Tamaulipas (UAT)<br>participar\u00e1 con un amplio programa de actividades en la Semana de Acci\u00f3n Global<br>por los Objetivos de Desarrollo Sostenible (ODS), una iniciativa promovida a nivel<br>mundial por la Organizaci\u00f3n de las Naciones Unidas (ONU) que busca fortalecer<br>las acciones que respaldan la Agenda 2030.<br>La Semana de Acci\u00f3n Global se llevar\u00e1 a cabo en todo el mundo del 15 al<br>25 de septiembre de 2023, y tiene como objetivo conmemorar el aniversario de la<br>adopci\u00f3n de la Agenda 2030 para el Desarrollo Sostenible y los ODS.<br>En ese contexto, y al ser parte de los Aliados Oficiales Nacionales y<br>Regionales de la Semana Global de #Acci\u00f3nXODS para Am\u00e9rica Latina y el<br>Caribe, la UAT se une por segundo a\u00f1o consecutivo a esta iniciativa mediante el<br>programa My World M\u00e9xico.<br>La Direcci\u00f3n de Sustentabilidad de la UAT, dependiente de la Secretar\u00eda de<br>Investigaci\u00f3n y Posgrado de esta casa de estudios, coordinar\u00e1 una serie de<br>acciones en el Campus Victoria que reflejan el firme compromiso institucional con<br>la protecci\u00f3n del medio ambiente y la promoci\u00f3n del desarrollo sostenible.<br>Algunos de los temas a tratar son \u201c2030 no negociable\u201d, \u201cProsperidad<br>planetaria\u201d, \u201cRescatar la vida\u201d, \u201cIgualdad ahora\u201d, \u201cInnovaci\u00f3n para la alimentaci\u00f3n\u201d,<br>\u201cBiodiversidad esencial\u201d, \u201cObjetivos globales\u201d, \u201cSalud oce\u00e1nica\u201d, \u201cConsumir<br>educando\u201d, \u201cAcelerando al 2030\u201d y \u201cUnidos para actuar\u201d.<br>El programa de actividades en la UAT comenzar\u00e1 el lunes 18 de septiembre<br>con la impartici\u00f3n del taller sobre la Huella H\u00eddrica y de Carbono; el martes se<\/p>\n\n\n\n<p>centrar\u00e1 en los desaf\u00edos relacionados con el cambio clim\u00e1tico a trav\u00e9s de la<br>realizaci\u00f3n de un taller especializado; continuar\u00e1 el mi\u00e9rcoles con el Movimiento<br>3R, involucrando una campa\u00f1a de recolecci\u00f3n de materiales como PET, tapas,<br>pilas, papel y cartuchos de tinta y t\u00f3ner, adem\u00e1s de una relajante clase de yoga<br>para toda la comunidad.<br>El jueves 21 de septiembre se convertir\u00e1 en un d\u00eda de acci\u00f3n con la<br>Caminata UAT por la Paz, que empezar\u00e1 en el Gimnasio Multidisciplinario; el<br>viernes 22 se ofrecer\u00e1 un Tour UAT, dise\u00f1ado para proporcionar una perspectiva<br>m\u00e1s amplia sobre las iniciativas sostenibles de la Universidad.<br>Finalmente, el lunes 25 se organizar\u00e1n los Di\u00e1logos Universitarios, como<br>parte integral de esta enriquecedora semana de compromiso y concienciaci\u00f3n.<br>Para m\u00e1s informaci\u00f3n, comunicarse con la Direcci\u00f3n de Sustentabilidad,<br>ubicada en el tercer piso del edificio de Gesti\u00f3n del Conocimiento en el Centro<br>Universitario Victoria; tambi\u00e9n pueden escribir al correo<br>uatsustentable@uat.edu.mx o llamar al tel\u00e9fono 834 318 1800, extensi\u00f3n 2993.<\/p>\n","protected":false},"excerpt":{"rendered":"<p>Ciudad Victoria, Tam.; 17 de septiembre de 2023.La UAT se suma a la Semana de&#8230;<\/p>\n","protected":false},"author":1,"featured_media":830,"comment_status":"open","ping_status":"open","sticky":false,"template":"","format":"standard","meta":{"footnotes":""},"categories":[4],"tags":[],"class_list":["post-829","post","type-post","status-publish","format-standard","has-post-thumbnail","hentry","category-educacion"],"_links":{"self":[{"href":"https:\/\/noticierotamaulipeco.info\/index.php?rest_route=\/wp\/v2\/posts\/829","targetHints":{"allow":["GET"]}}],"collection":[{"href":"https:\/\/noticierotamaulipeco.info\/index.php?rest_route=\/wp\/v2\/posts"}],"about":[{"href":"https:\/\/noticierotamaulipeco.info\/index.php?rest_route=\/wp\/v2\/types\/post"}],"author":[{"embeddable":true,"href":"https:\/\/noticierotamaulipeco.info\/index.php?rest_route=\/wp\/v2\/users\/1"}],"replies":[{"embeddable":true,"href":"https:\/\/noticierotamaulipeco.info\/index.php?rest_route=%2Fwp%2Fv2%2Fcomments&post=829"}],"version-history":[{"count":1,"href":"https:\/\/noticierotamaulipeco.info\/index.php?rest_route=\/wp\/v2\/posts\/829\/revisions"}],"predecessor-version":[{"id":831,"href":"https:\/\/noticierotamaulipeco.info\/index.php?rest_route=\/wp\/v2\/posts\/829\/revisions\/831"}],"wp:featuredmedia":[{"embeddable":true,"href":"https:\/\/noticierotamaulipeco.info\/index.php?rest_route=\/wp\/v2\/media\/830"}],"wp:attachment":[{"href":"https:\/\/noticierotamaulipeco.info\/index.php?rest_route=%2Fwp%2Fv2%2Fmedia&parent=829"}],"wp:term":[{"taxonomy":"category","embeddable":true,"href":"https:\/\/noticierotamaulipeco.info\/index.php?rest_route=%2Fwp%2Fv2%2Fcategories&post=829"},{"taxonomy":"post_tag","embeddable":true,"href":"https:\/\/noticierotamaulipeco.info\/index.php?rest_route=%2Fwp%2Fv2%2Ftags&post=829"}],"curies":[{"name":"wp","href":"https:\/\/api.w.org\/{rel}","templated":true}]}}