{"id":832,"date":"2023-09-20T15:15:47","date_gmt":"2023-09-20T15:15:47","guid":{"rendered":"https:\/\/noticierotamaulipeco.info\/?p=832"},"modified":"2023-11-16T15:17:13","modified_gmt":"2023-11-16T15:17:13","slug":"la-uat-es-semillero-de-grandes-profesionales-de-la-contaduria-imcp","status":"publish","type":"post","link":"https:\/\/noticierotamaulipeco.info\/?p=832","title":{"rendered":"La UAT es semillero de grandes profesionales de la contadur\u00eda: IMCP"},"content":{"rendered":"\n<figure class=\"wp-block-image size-large\"><img loading=\"lazy\" decoding=\"async\" width=\"1024\" height=\"682\" src=\"https:\/\/noticierotamaulipeco.info\/wp-content\/uploads\/2023\/11\/1-9-1024x682.jpg\" alt=\"\" class=\"wp-image-833\" srcset=\"https:\/\/noticierotamaulipeco.info\/wp-content\/uploads\/2023\/11\/1-9-1024x682.jpg 1024w, https:\/\/noticierotamaulipeco.info\/wp-content\/uploads\/2023\/11\/1-9-300x200.jpg 300w, https:\/\/noticierotamaulipeco.info\/wp-content\/uploads\/2023\/11\/1-9-768x512.jpg 768w, https:\/\/noticierotamaulipeco.info\/wp-content\/uploads\/2023\/11\/1-9.jpg 1280w\" sizes=\"auto, (max-width: 1024px) 100vw, 1024px\" \/><\/figure>\n\n\n\n<p>Ciudad Victoria, Tam.; 20 de septiembre de 2023.<br>La UAT es semillero de grandes profesionales de la contadur\u00eda: IMCP<\/p>\n\n\n\n<p>\uf0b7 La Dra. Laura Grajeda Trejo, presidenta del Instituto Nacional de<br>Contadores P\u00fablicos, destac\u00f3 su reconocimiento a la UAT y al rector<br>Guillermo Mendoza por impulsar la formaci\u00f3n de l\u00edderes al servicio de la<br>sociedad.<\/p>\n\n\n\n<p>\u201cLa Universidad Aut\u00f3noma de Tamaulipas (UAT) es semillero de grandes<br>estudiantes y futuros contadores p\u00fablicos que van a ocupar puestos de liderazgo<br>para un mejor pa\u00eds y una mejor comunidad\u201d, expres\u00f3 la Dra. Laura Grajeda Trejo,<br>presidenta del Instituto Mexicano de Contadores P\u00fablicos (IMCP).<br>La titular del organismo que aglutina a los colegios de profesionales de la<br>contadur\u00eda en todo el pa\u00eds destac\u00f3 tambi\u00e9n su reconocimiento al rector Guillermo<br>Mendoza Cavazos por impulsar el posicionamiento nacional de la carrera de<br>Contador P\u00fablico de la UAT.<br>Lo anterior se puso de relieve en la ceremonia de apertura de la Semana de<br>la Contadur\u00eda 2023, organizada por la Facultad de Comercio y Administraci\u00f3n<br>Victoria (FCAV) y el Colegio de Contadores P\u00fablicos de esta capital, cuyo acto<br>inaugural estuvo a cargo del rector Guillermo Mendoza Cavazos.<br>En ese contexto, la presidenta del IMCP agradeci\u00f3 a la UAT su disposici\u00f3n<br>de apoyar al organismo con sus actividades, y aprovech\u00f3 para felicitar al equipo<br>de estudiantes de la FCAV que representar\u00e1n a la UAT y al Colegio local en el<br>Concurso Nacional de Estudiantes de Contadur\u00eda que se realizar\u00e1 el 3 de<br>noviembre en la Ciudad de M\u00e9xico.<br>Durante la ceremonia, la Dra. Laura Grajeda hizo la entrega simb\u00f3lica de<br>mil libros sobre normativas de informaci\u00f3n financiera y normas de auditor\u00eda que<\/p>\n\n\n\n<p>ser\u00e1n distribuidos en las facultades de la UAT que imparten la carrera de Contador<br>P\u00fablico en Victoria, Nuevo Laredo, Tampico y Mante.<br>Se entreg\u00f3 tambi\u00e9n reconocimiento al C. P. Jorge Luis Galeana Zapi\u00e9n<br>como Profesor Distinguido 2023, as\u00ed como a los alumnos Denis Andrea Vargas<br>Bautista y Juan Carlos Guevara Guti\u00e9rrez por obtener los m\u00e1s altos promedios de<br>la licenciatura en la FCAV.<br>Por su parte, y tras agradecer la visita de la Dra. Laura Grajeda Trejo, el<br>rector Guillermo Mendoza Cavazos dijo que para la UAT es importante fortalecer<br>la vinculaci\u00f3n con distintos sectores que permitan a sus estudiantes desarrollarse<br>adecuadamente para enfrentar el mercado laboral.<br>Destac\u00f3 que la Semana de la Contadur\u00eda se organiza desde hace treinta y<br>cinco a\u00f1os de manera ininterrumpida con el Colegio de Contadores, lo cual,<br>asever\u00f3, le ha agregado valor a la licenciatura que imparte la Facultad de<br>Comercio y Administraci\u00f3n Victoria.<br>Tambi\u00e9n ofreci\u00f3 un mensaje la contadora Astrid Degollado Montemayor,<br>presidenta del Colegio de Contadores P\u00fablicos de Ciudad Victoria, quien resalt\u00f3 la<br>importancia de esta alianza al mencionar que el ochenta por ciento de los<br>miembros de esta agrupaci\u00f3n son egresados de la UAT.<br>Precis\u00f3 que esta fruct\u00edfera relaci\u00f3n ha ayudado a crecer tanto al Colegio<br>como a la Facultad, en torno al inter\u00e9s com\u00fan de tener contadores p\u00fablicos al<br>servicio de la sociedad, que vayan evolucionando y est\u00e9n bien capacitados de<br>acuerdo con las necesidades que exige la sociedad.<br>En el evento se cont\u00f3 con la presencia del Dr. Jes\u00fas Gerardo Delgado<br>Rivas, director de la FCAV; del C. P. Sergio Rachid Abraham Trevi\u00f1o, presidente<br>regional Zona Noreste del IMCP; y el C. P. Luis Navarro Roso, decano de la UAT.<br>Con el tema central \u201cEl contador p\u00fablico, aliado estrat\u00e9gico de M\u00e9xico\u201d, la<br>Semana de la Contadur\u00eda reuni\u00f3 la participaci\u00f3n de ponentes como la Dra. Laura<br>Grajeda Trejo, el C. P. Francisco Javier de los Santos Fraga, la C. P. Nely Karina <\/p>\n\n\n\n<p>Narv\u00e1ez Wong, la C. P. Ena Fernanda Narv\u00e1ez Wong, la C. P. Mariana del Roc\u00edo<br>Garc\u00eda Michelena y la Dra. Ludivina Leija Rodr\u00edguez, entre otros conferencistas.<\/p>\n","protected":false},"excerpt":{"rendered":"<p>Ciudad Victoria, Tam.; 20 de septiembre de 2023.La UAT es semillero de grandes profesionales de&#8230;<\/p>\n","protected":false},"author":1,"featured_media":833,"comment_status":"open","ping_status":"open","sticky":false,"template":"","format":"standard","meta":{"footnotes":""},"categories":[4],"tags":[],"class_list":["post-832","post","type-post","status-publish","format-standard","has-post-thumbnail","hentry","category-educacion"],"_links":{"self":[{"href":"https:\/\/noticierotamaulipeco.info\/index.php?rest_route=\/wp\/v2\/posts\/832","targetHints":{"allow":["GET"]}}],"collection":[{"href":"https:\/\/noticierotamaulipeco.info\/index.php?rest_route=\/wp\/v2\/posts"}],"about":[{"href":"https:\/\/noticierotamaulipeco.info\/index.php?rest_route=\/wp\/v2\/types\/post"}],"author":[{"embeddable":true,"href":"https:\/\/noticierotamaulipeco.info\/index.php?rest_route=\/wp\/v2\/users\/1"}],"replies":[{"embeddable":true,"href":"https:\/\/noticierotamaulipeco.info\/index.php?rest_route=%2Fwp%2Fv2%2Fcomments&post=832"}],"version-history":[{"count":1,"href":"https:\/\/noticierotamaulipeco.info\/index.php?rest_route=\/wp\/v2\/posts\/832\/revisions"}],"predecessor-version":[{"id":834,"href":"https:\/\/noticierotamaulipeco.info\/index.php?rest_route=\/wp\/v2\/posts\/832\/revisions\/834"}],"wp:featuredmedia":[{"embeddable":true,"href":"https:\/\/noticierotamaulipeco.info\/index.php?rest_route=\/wp\/v2\/media\/833"}],"wp:attachment":[{"href":"https:\/\/noticierotamaulipeco.info\/index.php?rest_route=%2Fwp%2Fv2%2Fmedia&parent=832"}],"wp:term":[{"taxonomy":"category","embeddable":true,"href":"https:\/\/noticierotamaulipeco.info\/index.php?rest_route=%2Fwp%2Fv2%2Fcategories&post=832"},{"taxonomy":"post_tag","embeddable":true,"href":"https:\/\/noticierotamaulipeco.info\/index.php?rest_route=%2Fwp%2Fv2%2Ftags&post=832"}],"curies":[{"name":"wp","href":"https:\/\/api.w.org\/{rel}","templated":true}]}}