{"id":841,"date":"2023-11-16T17:35:32","date_gmt":"2023-11-16T17:35:32","guid":{"rendered":"https:\/\/noticierotamaulipeco.info\/?p=841"},"modified":"2023-11-19T17:37:58","modified_gmt":"2023-11-19T17:37:58","slug":"israel-vuela-el-parlamento-y-el-edificio-del-gobierno-de-gaza-video","status":"publish","type":"post","link":"https:\/\/noticierotamaulipeco.info\/?p=841","title":{"rendered":"Israel vuela el Parlamento y el edificio del Gobierno de Gaza | Video"},"content":{"rendered":"\n<p>Un vocero del Ej\u00e9rcito israel\u00ed explic\u00f3 que la acci\u00f3n no resulta excepcional sino que va en l\u00ednea con su pol\u00edtica de destruir edificios vac\u00edos pertenecientes a Ham\u00e1s que puedan ser utilizados para &#8216;actividades terroristas&#8217;.<\/p>\n\n\n\n<p><strong>Redacci\u00f3n AN \/ MDS<\/strong> 16 Nov, 2023<\/p>\n\n\n\n<figure class=\"wp-block-image size-large\"><img loading=\"lazy\" decoding=\"async\" width=\"1024\" height=\"640\" src=\"https:\/\/noticierotamaulipeco.info\/wp-content\/uploads\/2023\/11\/ejercito-israel-gobierno-gaza-hamas-16112023-1024x640.webp\" alt=\"\" class=\"wp-image-842\" srcset=\"https:\/\/noticierotamaulipeco.info\/wp-content\/uploads\/2023\/11\/ejercito-israel-gobierno-gaza-hamas-16112023-1024x640.webp 1024w, https:\/\/noticierotamaulipeco.info\/wp-content\/uploads\/2023\/11\/ejercito-israel-gobierno-gaza-hamas-16112023-300x188.webp 300w, https:\/\/noticierotamaulipeco.info\/wp-content\/uploads\/2023\/11\/ejercito-israel-gobierno-gaza-hamas-16112023-768x480.webp 768w, https:\/\/noticierotamaulipeco.info\/wp-content\/uploads\/2023\/11\/ejercito-israel-gobierno-gaza-hamas-16112023-800x500.webp 800w, https:\/\/noticierotamaulipeco.info\/wp-content\/uploads\/2023\/11\/ejercito-israel-gobierno-gaza-hamas-16112023-400x250.webp 400w, https:\/\/noticierotamaulipeco.info\/wp-content\/uploads\/2023\/11\/ejercito-israel-gobierno-gaza-hamas-16112023.webp 1200w\" sizes=\"auto, (max-width: 1024px) 100vw, 1024px\" \/><\/figure>\n\n\n\n<p>El Ej\u00e9rcito israel\u00ed&nbsp;<strong>destruy\u00f3 la sede de la asamblea legislativa y del Gobierno de Gaza, en manos&nbsp;<\/strong>del grupo islamista Ham\u00e1s, inform\u00f3 el mi\u00e9rcoles a la agencia&nbsp;<em>EFE<\/em>&nbsp;un portavoz militar, tras el anuncio ayer de la captura del edificio por parte de las tropas israel\u00edes.<\/p>\n\n\n\n<p>Ante la consulta de&nbsp;<em>EFE,<\/em>&nbsp;la portavoc\u00eda del Ej\u00e9rcito no precis\u00f3 c\u00f3mo fue destruido el edifico, pero un v\u00eddeo difundido por medios locales y por un portavoz del Ministerio de Exteriores muestra que<strong>&nbsp;el complejo gubernamental gazat\u00ed fue detonado mediante el uso de explosivos.<\/strong><\/p>\n\n\n\n<p>La destrucci\u00f3n del edificio, explic\u00f3 a<em>\u00a0EFE<\/em>\u00a0un vocero del Ej\u00e9rcito, no resulta excepcional sino que va\u00a0<strong>en l\u00ednea con su pol\u00edtica de destruir edificios vac\u00edos pertenecientes a Ham\u00e1s<\/strong>\u00a0que puedan ser utilizados para \u201cactividades terroristas\u201d.<\/p>\n\n\n\n<p>Este martes, el Ej\u00e9rcito anunci\u00f3 que sus tropas hab\u00edan capturado \u201cdurante los \u00faltimos d\u00edas\u201d&nbsp;<strong>m\u00faltiples edificios militares y gubernamentales del grupo palestino en la Franja de Gaza,<\/strong>&nbsp;incluyendo \u201cla sede de la asamblea legislativa y del Gobierno de Ham\u00e1s, el cuartel general de la Polic\u00eda de Ham\u00e1s y una facultad de ingenier\u00eda utilizada para la producci\u00f3n y el desarrollo de armas\u201d.<\/p>\n\n\n\n<p>Asimismo, soldados israel\u00edes llevaron a cabo hoy una<strong>\u00a0\u201coperaci\u00f3n selectiva\u201d en el hospital Al Shifa,<\/strong>\u00a0el m\u00e1s importante de la Franja, que se qued\u00f3 sin electricidad, agua potable y comida hace varios d\u00edas y alberga a unas 3,000 personas, entre desplazados, personal m\u00e9dico y pacientes.<\/p>\n\n\n\n<p>En paralelo, tras controlar buena parte del norte de Gaza, las tropas israel\u00edes comenzaron este mi\u00e9rcoles a\u00a0<strong>avanzar hacia el centro de la Franja,<\/strong>\u00a0espec\u00edficamente hacia la ciudad de Deir Balah, seg\u00fan pudo comprobar\u00a0<em>EFE.<\/em><\/p>\n\n\n\n<p>Israel declar\u00f3 la guerra a Ham\u00e1s el 7 de octubre tras un ataque masivo del grupo islamista, que incluy\u00f3 el lanzamiento de miles de cohetes y la infiltraci\u00f3n en territorio israel\u00ed de unos 3,000 milicianos que&nbsp;<strong>mataron a unas 1,200 personas y secuestraron a m\u00e1s de 240.<\/strong><\/p>\n\n\n\n<p>Desde entonces, las fuerzas a\u00e9reas, navales y terrestres de Israel atacan sin tregua la Franja de Gaza, dejando<strong>&nbsp;m\u00e1s de 11,300 muertos, 29,200 heridos y 3,600 desaparecidos bajo los escombros.<\/strong><\/p>\n\n\n\n<p>(Con informaci\u00f3n de&nbsp;<em>EFE<\/em>)<\/p>\n","protected":false},"excerpt":{"rendered":"<p>Un vocero del Ej\u00e9rcito israel\u00ed explic\u00f3 que la acci\u00f3n no resulta excepcional sino que va&#8230;<\/p>\n","protected":false},"author":1,"featured_media":842,"comment_status":"open","ping_status":"open","sticky":false,"template":"","format":"standard","meta":{"footnotes":""},"categories":[5],"tags":[],"class_list":["post-841","post","type-post","status-publish","format-standard","has-post-thumbnail","hentry","category-internacional"],"_links":{"self":[{"href":"https:\/\/noticierotamaulipeco.info\/index.php?rest_route=\/wp\/v2\/posts\/841","targetHints":{"allow":["GET"]}}],"collection":[{"href":"https:\/\/noticierotamaulipeco.info\/index.php?rest_route=\/wp\/v2\/posts"}],"about":[{"href":"https:\/\/noticierotamaulipeco.info\/index.php?rest_route=\/wp\/v2\/types\/post"}],"author":[{"embeddable":true,"href":"https:\/\/noticierotamaulipeco.info\/index.php?rest_route=\/wp\/v2\/users\/1"}],"replies":[{"embeddable":true,"href":"https:\/\/noticierotamaulipeco.info\/index.php?rest_route=%2Fwp%2Fv2%2Fcomments&post=841"}],"version-history":[{"count":1,"href":"https:\/\/noticierotamaulipeco.info\/index.php?rest_route=\/wp\/v2\/posts\/841\/revisions"}],"predecessor-version":[{"id":843,"href":"https:\/\/noticierotamaulipeco.info\/index.php?rest_route=\/wp\/v2\/posts\/841\/revisions\/843"}],"wp:featuredmedia":[{"embeddable":true,"href":"https:\/\/noticierotamaulipeco.info\/index.php?rest_route=\/wp\/v2\/media\/842"}],"wp:attachment":[{"href":"https:\/\/noticierotamaulipeco.info\/index.php?rest_route=%2Fwp%2Fv2%2Fmedia&parent=841"}],"wp:term":[{"taxonomy":"category","embeddable":true,"href":"https:\/\/noticierotamaulipeco.info\/index.php?rest_route=%2Fwp%2Fv2%2Fcategories&post=841"},{"taxonomy":"post_tag","embeddable":true,"href":"https:\/\/noticierotamaulipeco.info\/index.php?rest_route=%2Fwp%2Fv2%2Ftags&post=841"}],"curies":[{"name":"wp","href":"https:\/\/api.w.org\/{rel}","templated":true}]}}