{"id":848,"date":"2023-11-18T17:54:13","date_gmt":"2023-11-18T17:54:13","guid":{"rendered":"https:\/\/noticierotamaulipeco.info\/?p=848"},"modified":"2023-11-19T18:01:56","modified_gmt":"2023-11-19T18:01:56","slug":"javier-navarro-fue-designado-por-samuel-garcia-como-gobernador-interino-de-nuevo-leon","status":"publish","type":"post","link":"https:\/\/noticierotamaulipeco.info\/?p=848","title":{"rendered":"Javier Navarro fue designado por Samuel Garc\u00eda como gobernador interino de Nuevo Le\u00f3n"},"content":{"rendered":"\n<p>Se quedar\u00e1 como encargado de despacho, por el tiempo que Samuel Garc\u00eda realice su precampa\u00f1a<\/p>\n\n\n\n<p>Por:\u00a0<a href=\"https:\/\/www.informador.mx\/staff\/sun\">SUN .<\/a>18 de noviembre de 2023\u00a0<\/p>\n\n\n\n<figure class=\"wp-block-image size-full\"><img loading=\"lazy\" decoding=\"async\" width=\"770\" height=\"485\" src=\"https:\/\/noticierotamaulipeco.info\/wp-content\/uploads\/2023\/11\/javier_navarro_velasco_crop1700365745392.jpeg_1970638775.webp\" alt=\"\" class=\"wp-image-849\" srcset=\"https:\/\/noticierotamaulipeco.info\/wp-content\/uploads\/2023\/11\/javier_navarro_velasco_crop1700365745392.jpeg_1970638775.webp 770w, https:\/\/noticierotamaulipeco.info\/wp-content\/uploads\/2023\/11\/javier_navarro_velasco_crop1700365745392.jpeg_1970638775-300x189.webp 300w, https:\/\/noticierotamaulipeco.info\/wp-content\/uploads\/2023\/11\/javier_navarro_velasco_crop1700365745392.jpeg_1970638775-768x484.webp 768w, https:\/\/noticierotamaulipeco.info\/wp-content\/uploads\/2023\/11\/javier_navarro_velasco_crop1700365745392.jpeg_1970638775-540x340.webp 540w\" sizes=\"auto, (max-width: 770px) 100vw, 770px\" \/><\/figure>\n\n\n\n<p>Luego de que el Tribunal Electoral del Poder Judicial de la Federaci\u00f3n revocara el nombramiento de gobernador&nbsp;interino&nbsp;a&nbsp;Arturo Salinas Garza,&nbsp;<strong>este s\u00e1bado 18 de noviembre, Samuel Garc\u00eda&nbsp;Sep\u00falveda&nbsp;public\u00f3 en el Peri\u00f3dico Oficial del Estado a Javier Navarro Velasco como gobernador interino.<\/strong><\/p>\n\n\n\n<p>Javier Navarro, su Secretario General de Gobierno, quedar\u00e1 al mando&nbsp;de Nuevo Le\u00f3n&nbsp;del 20 de noviembre al 18 de diciembre, Samuel afirm\u00f3 que&nbsp;de conformidad con el art\u00edculo 124 de la Constituci\u00f3n y por ministerio de ley,&nbsp;se quedar\u00e1 como encargado de despacho, por el tiempo que realice su&nbsp;precampa\u00f1a.<\/p>\n\n\n\n<p>Con ello, Garc\u00eda, buscar\u00eda evitar que a partir del 2 de diciembre y hasta el 2 de junio de 2024, asuma el gobernador interino que designe el Congreso. Incluso el viernes,\u00a0Javier Navarro advirti\u00f3 que de ser necesario se desplegar\u00e1n elementos de la polic\u00eda estatal Fuerza Civil, a fin de impedir que se vulnere su derecho a ocupar el despacho de la\u00a0gubernatura, como determin\u00f3 mediante sentencia definitiva un juez de Distrito de Reynosa, luego de que Samuel Garc\u00eda decidi\u00f3 dejarlo al frente del Ejecutivo durante su licencia.<\/p>\n\n\n\n<p>Cabe recordar que en su solicitud de amparo, Navarro Velasco busc\u00f3 protegerse contra acciones de las polic\u00edas municipales que est\u00e1n al mando de alcaldes, priistas o panistas de la zona metropolitana y tambi\u00e9n contra la Agencia Estatal de Investigaciones de la Fiscal\u00eda General de Justicia del Estado, que el mandatario estatal sostiene &#8220;controla el PRIAN&#8221;.<\/p>\n\n\n\n<p>Sobre el amago de usar Fuerza Civil para impedir que asuma un gobernador interino que designe el Congreso y no pertenezca a Movimiento Ciudadano o no cuente con su aval, liderazgos de Morena y ciudadanos,\u00a0se\u00f1alaron que resulta inaceptable y una completa aberraci\u00f3n que el gobernador\u00a0Samuel\u00a0Garc\u00eda recurra a la amenaza de utilizar elementos de la fuerza p\u00fablica para imponer su voluntad\u00a0si el Congreso no nombra a un gobernador interino de su preferencia.<\/p>\n\n\n\n<p>&#8220;La ley y las instituciones se crearon justamente para no tener que recurrir a la violencia. Que un gobernador y su secretario General de Gobierno amaguen con utilizar a la fuerza p\u00fablica, es algo in\u00e9dito en la historia moderna de nuestro estado&#8221;, expusieron a trav\u00e9s de un pronunciamiento p\u00fablico.<\/p>\n\n\n\n<p>Precisaron que la Constituci\u00f3n de Nuevo Le\u00f3n, que el mismo gobernador propuso al Congreso del estado y fue aprobada, mandata&nbsp;<strong>en su art\u00edculo 122 que cuando el gobernador solicite una licencia por m\u00e1s de 30 d\u00edas naturales, el Congreso del estado &#8220;nombrar\u00e1 al ciudadano que se encargue interinamente del Poder Ejecutivo&#8221;.<\/strong><\/p>\n\n\n\n<p>As\u00ed de claro est\u00e1, el Congreso por votaci\u00f3n y con la mayor\u00eda absoluta nombrar\u00e1 a qui\u00e9n se quede encargado de las funciones de gobernador de Nuevo Le\u00f3n.<\/p>\n\n\n\n<p>&#8220;No tiene facultad ni el gobernador ni el grupo parlamentario de Movimiento Ciudadano a designar qui\u00e9n ejercer\u00e1 las funciones de gobernador los 6 meses que est\u00e9 ausente&#8221;, dice Garc\u00eda Sep\u00falveda.<\/p>\n","protected":false},"excerpt":{"rendered":"<p>Se quedar\u00e1 como encargado de despacho, por el tiempo que Samuel Garc\u00eda realice su precampa\u00f1a&#8230;<\/p>\n","protected":false},"author":1,"featured_media":849,"comment_status":"open","ping_status":"open","sticky":false,"template":"","format":"standard","meta":{"footnotes":""},"categories":[3],"tags":[],"class_list":["post-848","post","type-post","status-publish","format-standard","has-post-thumbnail","hentry","category-mexico"],"_links":{"self":[{"href":"https:\/\/noticierotamaulipeco.info\/index.php?rest_route=\/wp\/v2\/posts\/848","targetHints":{"allow":["GET"]}}],"collection":[{"href":"https:\/\/noticierotamaulipeco.info\/index.php?rest_route=\/wp\/v2\/posts"}],"about":[{"href":"https:\/\/noticierotamaulipeco.info\/index.php?rest_route=\/wp\/v2\/types\/post"}],"author":[{"embeddable":true,"href":"https:\/\/noticierotamaulipeco.info\/index.php?rest_route=\/wp\/v2\/users\/1"}],"replies":[{"embeddable":true,"href":"https:\/\/noticierotamaulipeco.info\/index.php?rest_route=%2Fwp%2Fv2%2Fcomments&post=848"}],"version-history":[{"count":1,"href":"https:\/\/noticierotamaulipeco.info\/index.php?rest_route=\/wp\/v2\/posts\/848\/revisions"}],"predecessor-version":[{"id":850,"href":"https:\/\/noticierotamaulipeco.info\/index.php?rest_route=\/wp\/v2\/posts\/848\/revisions\/850"}],"wp:featuredmedia":[{"embeddable":true,"href":"https:\/\/noticierotamaulipeco.info\/index.php?rest_route=\/wp\/v2\/media\/849"}],"wp:attachment":[{"href":"https:\/\/noticierotamaulipeco.info\/index.php?rest_route=%2Fwp%2Fv2%2Fmedia&parent=848"}],"wp:term":[{"taxonomy":"category","embeddable":true,"href":"https:\/\/noticierotamaulipeco.info\/index.php?rest_route=%2Fwp%2Fv2%2Fcategories&post=848"},{"taxonomy":"post_tag","embeddable":true,"href":"https:\/\/noticierotamaulipeco.info\/index.php?rest_route=%2Fwp%2Fv2%2Ftags&post=848"}],"curies":[{"name":"wp","href":"https:\/\/api.w.org\/{rel}","templated":true}]}}