{"id":855,"date":"2023-11-20T15:28:00","date_gmt":"2023-11-20T15:28:00","guid":{"rendered":"https:\/\/noticierotamaulipeco.info\/?p=855"},"modified":"2023-12-06T03:30:52","modified_gmt":"2023-12-06T03:30:52","slug":"sheinbaum-galvez-y-garcia-arrancan-sus-precampanas-rumbo-al-2024","status":"publish","type":"post","link":"https:\/\/noticierotamaulipeco.info\/?p=855","title":{"rendered":"Sheinbaum, G\u00e1lvez y Garc\u00eda arrancan sus precampa\u00f1as rumbo al 2024"},"content":{"rendered":"\n<p>Claudia Sheinbaum\u00a0tiene previsto iniciar en el World Trade Center de Boca del R\u00edo,\u00a0X\u00f3chitl G\u00e1lvez\u00a0arrancar\u00e1 en Ciudad Ju\u00e1rez, mientras que Samuel Garc\u00eda\u00a0en la plaza de los tres museos en Monterrey<\/p>\n\n\n\n<p>20 de noviembre de 2023 &#8211;<\/p>\n\n\n\n<figure class=\"wp-block-image size-full\"><img loading=\"lazy\" decoding=\"async\" width=\"770\" height=\"485\" src=\"https:\/\/noticierotamaulipeco.info\/wp-content\/uploads\/2023\/12\/r3nkf5actbew7dccidjimvv4h4_2_crop1700500865062.jpg_1970638775.webp\" alt=\"\" class=\"wp-image-856\" srcset=\"https:\/\/noticierotamaulipeco.info\/wp-content\/uploads\/2023\/12\/r3nkf5actbew7dccidjimvv4h4_2_crop1700500865062.jpg_1970638775.webp 770w, https:\/\/noticierotamaulipeco.info\/wp-content\/uploads\/2023\/12\/r3nkf5actbew7dccidjimvv4h4_2_crop1700500865062.jpg_1970638775-300x189.webp 300w, https:\/\/noticierotamaulipeco.info\/wp-content\/uploads\/2023\/12\/r3nkf5actbew7dccidjimvv4h4_2_crop1700500865062.jpg_1970638775-768x484.webp 768w, https:\/\/noticierotamaulipeco.info\/wp-content\/uploads\/2023\/12\/r3nkf5actbew7dccidjimvv4h4_2_crop1700500865062.jpg_1970638775-540x340.webp 540w\" sizes=\"auto, (max-width: 770px) 100vw, 770px\" \/><\/figure>\n\n\n\n<p><strong>Este lunes 20 de noviembre inician las precampa\u00f1as presidenciales,&nbsp;<\/strong>donde las y los mexicanos observar\u00e1n en las siguientes semanas el m\u00fasculo pol\u00edtico de cada precandidato,&nbsp;<strong>en las distintas actividades rumbo a los comicios del 2024.<\/strong><\/p>\n\n\n\n<p><strong>Claudia Sheinbaum, precandidata presidencial por Morena y sus aliados, tiene previsto iniciar en el World Trade Center de Boca del R\u00edo<\/strong>&nbsp;Veracruz. Durante la entrega de su registro, se\u00f1al\u00f3 que dar\u00e1 continuidad al movimiento que inici\u00f3 el presidente de la Rep\u00fablica sin zigzagueos y estar\u00e1 a la altura de las circunstancias en unidad.<\/p>\n\n\n\n<p>&#8220;Jam\u00e1s traicionar\u00e9 el anhelo del pueblo de M\u00e9xico, construyendo una naci\u00f3n m\u00e1s justa, libre y soberana&#8221;, expres\u00f3.<\/p>\n\n\n\n<p>Por su parte, la candidata por la oposici\u00f3n,\u00a0<strong>X\u00f3chitl G\u00e1lvez, arrancar\u00e1 en Ciudad Ju\u00e1rez, en la plaza de la Mexicanidad, donde sostendr\u00e1 un encuentro ciudadano.<\/strong><\/p>\n\n\n\n<p>Este domingo, expres\u00f3 la precandidata por el Frente Amplio por M\u00e9xico, que har\u00e1 una precampa\u00f1a que refleje los sue\u00f1os de los mexicanos, con pasi\u00f3n y esperanza. X\u00f3chitl G\u00e1lvez exhort\u00f3 al PRI y PRD a evitar la divisi\u00f3n y llegar unidos rumbo a las elecciones del 2024.<\/p>\n\n\n\n<p><strong>Samuel Garc\u00eda, gobernador con licencia y precandidato a la presidencia por Movimiento Ciudadano, dar\u00e1 comienzo a su precampa\u00f1a esta tarde en la plaza de los tres museos en Monterrey.<\/strong><\/p>\n\n\n\n<p>Enfatiz\u00f3 en d\u00edas recientes: &#8220;Si a Nuevo Le\u00f3n le va bien, M\u00e9xico se impulsa porque es un im\u00e1n, imaginemos c\u00f3mo le va a ir a Nuevo Le\u00f3n si toda su visi\u00f3n y forma de pensar, de emprendedurismo, de Norteam\u00e9rica, de negocio, la llevamos a todo el pa\u00eds&#8221;.<\/p>\n","protected":false},"excerpt":{"rendered":"<p>Claudia Sheinbaum\u00a0tiene previsto iniciar en el World Trade Center de Boca del R\u00edo,\u00a0X\u00f3chitl G\u00e1lvez\u00a0arrancar\u00e1 en&#8230;<\/p>\n","protected":false},"author":1,"featured_media":856,"comment_status":"open","ping_status":"open","sticky":false,"template":"","format":"standard","meta":{"footnotes":""},"categories":[3],"tags":[],"class_list":["post-855","post","type-post","status-publish","format-standard","has-post-thumbnail","hentry","category-mexico"],"_links":{"self":[{"href":"https:\/\/noticierotamaulipeco.info\/index.php?rest_route=\/wp\/v2\/posts\/855","targetHints":{"allow":["GET"]}}],"collection":[{"href":"https:\/\/noticierotamaulipeco.info\/index.php?rest_route=\/wp\/v2\/posts"}],"about":[{"href":"https:\/\/noticierotamaulipeco.info\/index.php?rest_route=\/wp\/v2\/types\/post"}],"author":[{"embeddable":true,"href":"https:\/\/noticierotamaulipeco.info\/index.php?rest_route=\/wp\/v2\/users\/1"}],"replies":[{"embeddable":true,"href":"https:\/\/noticierotamaulipeco.info\/index.php?rest_route=%2Fwp%2Fv2%2Fcomments&post=855"}],"version-history":[{"count":1,"href":"https:\/\/noticierotamaulipeco.info\/index.php?rest_route=\/wp\/v2\/posts\/855\/revisions"}],"predecessor-version":[{"id":857,"href":"https:\/\/noticierotamaulipeco.info\/index.php?rest_route=\/wp\/v2\/posts\/855\/revisions\/857"}],"wp:featuredmedia":[{"embeddable":true,"href":"https:\/\/noticierotamaulipeco.info\/index.php?rest_route=\/wp\/v2\/media\/856"}],"wp:attachment":[{"href":"https:\/\/noticierotamaulipeco.info\/index.php?rest_route=%2Fwp%2Fv2%2Fmedia&parent=855"}],"wp:term":[{"taxonomy":"category","embeddable":true,"href":"https:\/\/noticierotamaulipeco.info\/index.php?rest_route=%2Fwp%2Fv2%2Fcategories&post=855"},{"taxonomy":"post_tag","embeddable":true,"href":"https:\/\/noticierotamaulipeco.info\/index.php?rest_route=%2Fwp%2Fv2%2Ftags&post=855"}],"curies":[{"name":"wp","href":"https:\/\/api.w.org\/{rel}","templated":true}]}}