{"id":861,"date":"2023-11-21T15:59:00","date_gmt":"2023-11-21T15:59:00","guid":{"rendered":"https:\/\/noticierotamaulipeco.info\/?p=861"},"modified":"2023-12-06T04:09:42","modified_gmt":"2023-12-06T04:09:42","slug":"milei-promete-destruir-la-inflacion-en-dos-anos","status":"publish","type":"post","link":"https:\/\/noticierotamaulipeco.info\/?p=861","title":{"rendered":"Milei promete \u201cdestruir\u201d la inflaci\u00f3n en dos a\u00f1os"},"content":{"rendered":"\n<p>El nuevo presidente de Argentina est\u00e1 dise\u00f1ando el plan financiero general para su admnistraci\u00f3n&nbsp;<\/p>\n\n\n\n<p>21 de noviembre de 2023<\/p>\n\n\n\n<figure class=\"wp-block-image size-full\"><img loading=\"lazy\" decoding=\"async\" width=\"770\" height=\"485\" src=\"https:\/\/noticierotamaulipeco.info\/wp-content\/uploads\/2023\/12\/imagen_cmykimagen_34482ax-highres_crop1700562065656.jpg_1970638775.webp\" alt=\"\" class=\"wp-image-862\" srcset=\"https:\/\/noticierotamaulipeco.info\/wp-content\/uploads\/2023\/12\/imagen_cmykimagen_34482ax-highres_crop1700562065656.jpg_1970638775.webp 770w, https:\/\/noticierotamaulipeco.info\/wp-content\/uploads\/2023\/12\/imagen_cmykimagen_34482ax-highres_crop1700562065656.jpg_1970638775-300x189.webp 300w, https:\/\/noticierotamaulipeco.info\/wp-content\/uploads\/2023\/12\/imagen_cmykimagen_34482ax-highres_crop1700562065656.jpg_1970638775-768x484.webp 768w, https:\/\/noticierotamaulipeco.info\/wp-content\/uploads\/2023\/12\/imagen_cmykimagen_34482ax-highres_crop1700562065656.jpg_1970638775-540x340.webp 540w\" sizes=\"auto, (max-width: 770px) 100vw, 770px\" \/><\/figure>\n\n\n\n<p>El presidente electo de Argentina,&nbsp;Javier&nbsp;Milei, anunci\u00f3 que terminar con la inflaci\u00f3n le llevar\u00e1 entre \u201c18 y 24 meses\u201d y que pondr\u00e1 en marcha un plan de privatizaci\u00f3n de empresas estatales, entre ellas la petrolera&nbsp;YPF, en el marco de sus planes para reducir el Estado al m\u00ednimo.<\/p>\n\n\n\n<p>En una serie de entrevistas radiales horas despu\u00e9s de haber triunfado, el economista de ultraderecha fue consultado sobre el tiempo que le tomar\u00e1 cumplir con su promesa de terminar con la inflaci\u00f3n, que en<strong>&nbsp;la variaci\u00f3n interanual alcanz\u00f3 142.7% en octubre<\/strong>.<\/p>\n\n\n\n<p>\u201cSi vos cort\u00e1s hoy con la emisi\u00f3n monetaria, ese proceso tarda entre 18 y 24 meses\u201d, asever\u00f3 Milei. Cuando le preguntaron a qu\u00e9 niveles llegar\u00e1 la inflaci\u00f3n para entonces, el futuro presidente enfatiz\u00f3 que requiere de ese plazo para \u201cdestruirla\u201d.<\/p>\n\n\n\n<p>El economista ultraliberal de 53 a\u00f1os adelant\u00f3 un plan de privatizaciones de empresas p\u00fablicas que incluye a YPF y los medios p\u00fablicos de televisi\u00f3n, Radio Nacional y la agencia oficial de noticias T\u00e9lam.<\/p>\n\n\n\n<p>\u201cTodo lo que pueda estar en las manos del sector privado, va a estar en las manos del sector privado\u201d, ofreci\u00f3 el l\u00edder de la coalici\u00f3n Libertad Avanza en Radio Mitre.<\/p>\n\n\n\n<p><strong>El triunfo de Milei super\u00f3 cualquier expectativa y marc\u00f3 un cambio radical en el sistema pol\u00edtico del pa\u00eds sudamericano, que decidi\u00f3 dar un giro a la derecha en medio de un profundo malestar social por la inflaci\u00f3n de m\u00e1s de 142% anual y el aumento de la pobreza, que hoy afecta a 40.1% de la poblaci\u00f3n.<\/strong><\/p>\n\n\n\n<p>El programa del economista contempla un fuerte recorte del gasto p\u00fablico, privatizaciones, el cierre del Banco Central y la&nbsp;dolarizaci\u00f3n&nbsp;de la econom\u00eda para combatir la subida de precios, entre otras medidas que marcan un giro dr\u00e1stico a las pol\u00edticas intervencionistas del peronismo que est\u00e1 actualmente en el Gobierno.<\/p>\n\n\n\n<p>En cuanto a sus pr\u00f3ximos viajes al exterior, dijo que \u201cen estos d\u00edas\u201d ir\u00e1 a Miami y Nueva York a visitar a unos rabinos amigos, sin dar m\u00e1s detalles al respecto, y que desde esa \u00faltima ciudad se trasladar\u00e1 a Israel. \u201cEl viaje tiene una connotaci\u00f3n m\u00e1s espiritual que de otras caracter\u00edsticas\u201d, dijo.<\/p>\n\n\n\n<p>AP<\/p>\n","protected":false},"excerpt":{"rendered":"<p>El nuevo presidente de Argentina est\u00e1 dise\u00f1ando el plan financiero general para su admnistraci\u00f3n&nbsp; 21&#8230;<\/p>\n","protected":false},"author":1,"featured_media":862,"comment_status":"open","ping_status":"open","sticky":false,"template":"","format":"standard","meta":{"footnotes":""},"categories":[5],"tags":[],"class_list":["post-861","post","type-post","status-publish","format-standard","has-post-thumbnail","hentry","category-internacional"],"_links":{"self":[{"href":"https:\/\/noticierotamaulipeco.info\/index.php?rest_route=\/wp\/v2\/posts\/861","targetHints":{"allow":["GET"]}}],"collection":[{"href":"https:\/\/noticierotamaulipeco.info\/index.php?rest_route=\/wp\/v2\/posts"}],"about":[{"href":"https:\/\/noticierotamaulipeco.info\/index.php?rest_route=\/wp\/v2\/types\/post"}],"author":[{"embeddable":true,"href":"https:\/\/noticierotamaulipeco.info\/index.php?rest_route=\/wp\/v2\/users\/1"}],"replies":[{"embeddable":true,"href":"https:\/\/noticierotamaulipeco.info\/index.php?rest_route=%2Fwp%2Fv2%2Fcomments&post=861"}],"version-history":[{"count":1,"href":"https:\/\/noticierotamaulipeco.info\/index.php?rest_route=\/wp\/v2\/posts\/861\/revisions"}],"predecessor-version":[{"id":863,"href":"https:\/\/noticierotamaulipeco.info\/index.php?rest_route=\/wp\/v2\/posts\/861\/revisions\/863"}],"wp:featuredmedia":[{"embeddable":true,"href":"https:\/\/noticierotamaulipeco.info\/index.php?rest_route=\/wp\/v2\/media\/862"}],"wp:attachment":[{"href":"https:\/\/noticierotamaulipeco.info\/index.php?rest_route=%2Fwp%2Fv2%2Fmedia&parent=861"}],"wp:term":[{"taxonomy":"category","embeddable":true,"href":"https:\/\/noticierotamaulipeco.info\/index.php?rest_route=%2Fwp%2Fv2%2Fcategories&post=861"},{"taxonomy":"post_tag","embeddable":true,"href":"https:\/\/noticierotamaulipeco.info\/index.php?rest_route=%2Fwp%2Fv2%2Ftags&post=861"}],"curies":[{"name":"wp","href":"https:\/\/api.w.org\/{rel}","templated":true}]}}