{"id":864,"date":"2023-11-22T16:10:00","date_gmt":"2023-11-22T16:10:00","guid":{"rendered":"https:\/\/noticierotamaulipeco.info\/?p=864"},"modified":"2023-12-06T04:12:35","modified_gmt":"2023-12-06T04:12:35","slug":"reconocen-a-nivel-nacional-trabajo-de-la-sspt-en-capacitaciones-policiales","status":"publish","type":"post","link":"https:\/\/noticierotamaulipeco.info\/?p=864","title":{"rendered":"RECONOCEN A NIVEL NACIONAL TRABAJO DE LA SSPT EN CAPACITACIONES POLICIALES"},"content":{"rendered":"\n<figure class=\"wp-block-image size-full\"><img loading=\"lazy\" decoding=\"async\" width=\"800\" height=\"500\" src=\"https:\/\/noticierotamaulipeco.info\/wp-content\/uploads\/2023\/12\/SSP-128-2023.-Reconocen-a-nivel-nacional-trabajo-de-la-SSPT-en-capacitaciones-policiales-1-800x500-1.jpeg\" alt=\"\" class=\"wp-image-865\" srcset=\"https:\/\/noticierotamaulipeco.info\/wp-content\/uploads\/2023\/12\/SSP-128-2023.-Reconocen-a-nivel-nacional-trabajo-de-la-SSPT-en-capacitaciones-policiales-1-800x500-1.jpeg 800w, https:\/\/noticierotamaulipeco.info\/wp-content\/uploads\/2023\/12\/SSP-128-2023.-Reconocen-a-nivel-nacional-trabajo-de-la-SSPT-en-capacitaciones-policiales-1-800x500-1-300x188.jpeg 300w, https:\/\/noticierotamaulipeco.info\/wp-content\/uploads\/2023\/12\/SSP-128-2023.-Reconocen-a-nivel-nacional-trabajo-de-la-SSPT-en-capacitaciones-policiales-1-800x500-1-768x480.jpeg 768w, https:\/\/noticierotamaulipeco.info\/wp-content\/uploads\/2023\/12\/SSP-128-2023.-Reconocen-a-nivel-nacional-trabajo-de-la-SSPT-en-capacitaciones-policiales-1-800x500-1-400x250.jpeg 400w\" sizes=\"auto, (max-width: 800px) 100vw, 800px\" \/><\/figure>\n\n\n\n<p>Noviembre 23 de 2023<\/p>\n\n\n\n<p>Tampico, Tamaulipas. \u2013 La Secretar\u00eda de Seguridad P\u00fablica de Tamaulipas a trav\u00e9s de la Universidad de Seguridad y Justicia, es una de las instituciones que ha contribuido al programa de capacitaci\u00f3n y especializaci\u00f3n al personal que desempe\u00f1a la funci\u00f3n policial, al igual que las universidades de otros dos estados, reconoci\u00f3 el subsecretario de Seguridad P\u00fablica y Protecci\u00f3n Ciudadana, Luis Rodr\u00edguez Bucio.<\/p>\n\n\n\n<p>En el marco de la XXIX Asamblea Plenaria de la Conferencia Nacional de Secretarias y Secretarios de Seguridad P\u00fablica, presidida por el gobernador Am\u00e9rico Villarreal Anaya, en el puerto de Tampico, Rodr\u00edguez Bucio mencion\u00f3 que las Secretar\u00edas de Seguridad P\u00fablica de Hidalgo, Chihuahua y Tamaulipas han facilitado sus instalaciones acad\u00e9micas para la realizaci\u00f3n de diversos cursos.<\/p>\n\n\n\n<p>Explic\u00f3 que a la fecha, en dichas instituciones, se han ofrecido m\u00e1s de 90 capacitaciones, entre las que destacan: 11 ediciones de la Semana Nacional del Polic\u00eda Investigador, 30 ediciones de los Viernes de Di\u00e1logos para el Fortalecimiento de las Polic\u00edas en Materia de G\u00e9nero y polic\u00edas municipales especializados en esta misma materia.<\/p>\n\n\n\n<p>Tambi\u00e9n se abordaron temas referentes al protocolo de actuaci\u00f3n policial como: Atenci\u00f3n a la Violencia de G\u00e9nero contra las Mujeres en el \u00c1mbito Familiar y Feminicidio, el cual est\u00e1 acreditado ante el Secretariado Ejecutivo del Sistema Nacional de Seguridad P\u00fablica; Uso de la Fuerza y B\u00fasqueda de Personas no Localizadas; y Capacitaci\u00f3n para el Examen General de Acreditaci\u00f3n como T\u00e9cnico Superior Universitario en Seguridad P\u00fablica, Polic\u00eda Investigador y Custodio Penitenciario, entre otros.<\/p>\n\n\n\n<p>\u00abUna instituci\u00f3n de seguridad p\u00fablica ser\u00e1 tan grande, eficiente y reconocida como lo sea el nivel de instrucci\u00f3n de su personal. Las mujeres y los hombres que desempe\u00f1an la funci\u00f3n policial deben recibir la mejor formaci\u00f3n, capacitaci\u00f3n y especializaci\u00f3n posibles porque de ellas y ellos depende la seguridad de la ciudadan\u00eda, la protecci\u00f3n de las v\u00edctimas del delito, en especial, de las mujeres y las ni\u00f1as, y porque son la primera pieza del Sistema de Justicia Penal\u00bb, se\u00f1al\u00f3.<\/p>\n\n\n\n<p>Destac\u00f3, que esta oferta institucional de cursos para las polic\u00edas estatales y municipales, no implican erogaciones presupuestales, puesto que son impartidas por funcionarios p\u00fablicos, utilizando sistemas e instalaciones del \u00e1mbito federal y estatal, por ello, invit\u00f3 a los integrantes de la conferencia a aprovechar estas herramientas de capacitaci\u00f3n en sus distintas modalidades.<\/p>\n","protected":false},"excerpt":{"rendered":"<p>Noviembre 23 de 2023 Tampico, Tamaulipas. \u2013 La Secretar\u00eda de Seguridad P\u00fablica de Tamaulipas a&#8230;<\/p>\n","protected":false},"author":1,"featured_media":865,"comment_status":"open","ping_status":"open","sticky":false,"template":"","format":"standard","meta":{"footnotes":""},"categories":[2],"tags":[],"class_list":["post-864","post","type-post","status-publish","format-standard","has-post-thumbnail","hentry","category-tamaulipas"],"_links":{"self":[{"href":"https:\/\/noticierotamaulipeco.info\/index.php?rest_route=\/wp\/v2\/posts\/864","targetHints":{"allow":["GET"]}}],"collection":[{"href":"https:\/\/noticierotamaulipeco.info\/index.php?rest_route=\/wp\/v2\/posts"}],"about":[{"href":"https:\/\/noticierotamaulipeco.info\/index.php?rest_route=\/wp\/v2\/types\/post"}],"author":[{"embeddable":true,"href":"https:\/\/noticierotamaulipeco.info\/index.php?rest_route=\/wp\/v2\/users\/1"}],"replies":[{"embeddable":true,"href":"https:\/\/noticierotamaulipeco.info\/index.php?rest_route=%2Fwp%2Fv2%2Fcomments&post=864"}],"version-history":[{"count":1,"href":"https:\/\/noticierotamaulipeco.info\/index.php?rest_route=\/wp\/v2\/posts\/864\/revisions"}],"predecessor-version":[{"id":866,"href":"https:\/\/noticierotamaulipeco.info\/index.php?rest_route=\/wp\/v2\/posts\/864\/revisions\/866"}],"wp:featuredmedia":[{"embeddable":true,"href":"https:\/\/noticierotamaulipeco.info\/index.php?rest_route=\/wp\/v2\/media\/865"}],"wp:attachment":[{"href":"https:\/\/noticierotamaulipeco.info\/index.php?rest_route=%2Fwp%2Fv2%2Fmedia&parent=864"}],"wp:term":[{"taxonomy":"category","embeddable":true,"href":"https:\/\/noticierotamaulipeco.info\/index.php?rest_route=%2Fwp%2Fv2%2Fcategories&post=864"},{"taxonomy":"post_tag","embeddable":true,"href":"https:\/\/noticierotamaulipeco.info\/index.php?rest_route=%2Fwp%2Fv2%2Ftags&post=864"}],"curies":[{"name":"wp","href":"https:\/\/api.w.org\/{rel}","templated":true}]}}