{"id":871,"date":"2023-11-24T16:19:00","date_gmt":"2023-11-24T16:19:00","guid":{"rendered":"https:\/\/noticierotamaulipeco.info\/?p=871"},"modified":"2023-12-06T04:26:39","modified_gmt":"2023-12-06T04:26:39","slug":"oscar-pistorius-recibe-libertad-condicional-10-anos-despues-de-matar-a-su-novia","status":"publish","type":"post","link":"https:\/\/noticierotamaulipeco.info\/?p=871","title":{"rendered":"Oscar Pistorius recibe libertad condicional 10 a\u00f1os despu\u00e9s de matar a su novia"},"content":{"rendered":"\n<p>Esta es la fecha en la que el exdeportista ol\u00edmpico saldr\u00e1 de prisi\u00f3n,&nbsp;como parte de una sentencia que recibi\u00f3<\/p>\n\n\n\n<p>24 de noviembre de 2023<\/p>\n\n\n\n<figure class=\"wp-block-image size-full\"><img loading=\"lazy\" decoding=\"async\" width=\"770\" height=\"485\" src=\"https:\/\/noticierotamaulipeco.info\/wp-content\/uploads\/2023\/12\/bv0i9-highres_afp_crop1700846680690.jpg_1970638775-1.webp\" alt=\"\" class=\"wp-image-872\" srcset=\"https:\/\/noticierotamaulipeco.info\/wp-content\/uploads\/2023\/12\/bv0i9-highres_afp_crop1700846680690.jpg_1970638775-1.webp 770w, https:\/\/noticierotamaulipeco.info\/wp-content\/uploads\/2023\/12\/bv0i9-highres_afp_crop1700846680690.jpg_1970638775-1-300x189.webp 300w, https:\/\/noticierotamaulipeco.info\/wp-content\/uploads\/2023\/12\/bv0i9-highres_afp_crop1700846680690.jpg_1970638775-1-768x484.webp 768w, https:\/\/noticierotamaulipeco.info\/wp-content\/uploads\/2023\/12\/bv0i9-highres_afp_crop1700846680690.jpg_1970638775-1-540x340.webp 540w\" sizes=\"auto, (max-width: 770px) 100vw, 770px\" \/><\/figure>\n\n\n\n<p>El deportista ol\u00edmpico doblemente amputado,&nbsp;<a href=\"https:\/\/www.informador.mx\/oscar-pistorius-t8866\" target=\"_blank\" rel=\"noreferrer noopener\"><strong>Oscar Pistorius<\/strong><\/a>, obtuvo la libertad condicional hoy viernes 24 de noviembre,&nbsp;<strong>10 a\u00f1os despu\u00e9s de matar a tiros a su novia a trav\u00e9s de la puerta de un ba\u00f1o en su casa en Sud\u00e1frica<\/strong>, un suceso que conmocion\u00f3 al mundo.<\/p>\n\n\n\n<p>Pistorius&nbsp;<strong>saldr\u00e1 de prisi\u00f3n el 5 de enero<\/strong>, explic\u00f3 el vocero del Departamento de Instituciones Penitenciarias, Singabakho Nxumalo. Solo podr\u00e1 abandonar la zona de Pretoria, donde se apresta a instalarse, con permiso de las autoridades. Adem\u00e1s,&nbsp;<strong>deber\u00e1 asistir a sesiones para aprender a controlar su ira y realizar servicios comunitarios,<\/strong>&nbsp;dijo Nxumalo.<\/p>\n\n\n\n<p>Las condiciones para la libertad condicional de Pistorius regir\u00e1n durante cinco a\u00f1os, dijo el Departamento.<\/p>\n\n\n\n<p>&#8220;La libertad condicional no significa el fin de la sentencia. Es parte de la sentencia. Solo significa que el preso completar\u00e1 la sentencia fuera de una instituci\u00f3n penitenciaria&#8221;, dijo Nxumalo.<\/p>\n\n\n\n<p>Nxumalo indic\u00f3 que el oficial de monitoreo\u00a0<strong>tendr\u00e1 que ser notificado de cualquier evento importante en la vida de Pistorius, incluyendo si desea mudarse o conseguir un trabajo.<\/strong><\/p>\n\n\n\n<p>&#8220;Nos tendr\u00e1 que informar de todas y cada una de sus actividades&#8221;, coment\u00f3 Nxumalo.<\/p>\n\n\n\n<p>Pistorius no portar\u00e1 un brazalete de monitoreo debido a que no es parte del proceso de libertad condicional de&nbsp;<a href=\"https:\/\/www.informador.mx\/sudafrica-t2408\" target=\"_blank\" rel=\"noreferrer noopener\"><strong>Sud\u00e1frica<\/strong><\/a>, aclar\u00f3 Nxumalo. La sentencia de Pistorius expira el 5 de diciembre del 2029.<\/p>\n\n\n\n<p>La decisi\u00f3n de conceder la libertad condicional fue informada durante una audiencia en prisi\u00f3n este mismo viernes.<\/p>\n\n\n\n<p>El corredor, que cumpli\u00f3 37 a\u00f1os esta semana,&nbsp;<strong>est\u00e1 en prisi\u00f3n desde finales de 2014 por el asesinato de la modelo Reeva Steenkamp en el D\u00eda de San Valent\u00edn del a\u00f1o anterior.<\/strong>&nbsp;En 2015 estuvo un tiempo bajo arresto domiciliario mientras se resolv\u00eda uno de los m\u00faltiples recursos de su caso. Al final fue condenado por asesinato y sentenciado a 13 a\u00f1os y cinco meses de c\u00e1rcel.<\/p>\n\n\n\n<p>En Sud\u00e1frica, los condenados por&nbsp;<strong>delitos graves deben cumplir al menos la mitad de su condena para optar a la libertad condicional.<\/strong><\/p>\n\n\n\n<p>Pistorius estaba en la cima de su carrera y era uno de los deportistas m\u00e1s admirados del mundo cuando asesin\u00f3 a Steenkamp.&nbsp;<strong>Le dispar\u00f3 varias veces en el ba\u00f1o de su mansi\u00f3n&nbsp;<\/strong>de Pretoria de madrugada con su pistola de calibre 9 mm, para la que ten\u00eda permiso.<\/p>\n\n\n\n<p>La audiencia para la libertad condicional este viernes fue la segunda en ocho meses. Una corte de apelaciones fall\u00f3 en marzo que no pod\u00eda recibir la libertad condicional, lo cual se debi\u00f3 a un error sobre la fecha en la que comenz\u00f3 oficialmente el cumplimiento de la pena.<\/p>\n\n\n\n<p><strong>En un principio, Pistorius fue declarado culpable de homicidio culposo<\/strong>&nbsp;-es decir, no intencional- por la muerte de Steenkamp. Los fiscales apelaron y se cambi\u00f3 la condena por la de homicidio simple. Al mismo tiempo, se extendi\u00f3 la pena de seis a\u00f1os a 13 a\u00f1os y cinco meses.<\/p>\n\n\n\n<p>Pistorius&nbsp;<strong>declar\u00f3 en su juicio que mat\u00f3 a Steenkamp por error, convencido de que un intruso peligroso se hab\u00eda ocultado en su ba\u00f1o en altas horas de la noche y por eso le dispar\u00f3 cuatro veces con su pistola 9 mm autorizada<\/strong>. Los fiscales sostuvieron que Steenkamp, una modelo y estrella de reality TV de 29 a\u00f1os, se hab\u00eda encerrado en el ba\u00f1o durante una ri\u00f1a nocturna y Pistorius la mat\u00f3 en un ataque de furia.<\/p>\n\n\n\n<p>El padre de la v\u00edctima, Barry Steenkamp, muri\u00f3 en setiembre. La madre, June Steenkamp, no se opuso a la libertad condicional.<\/p>\n\n\n\n<p>Durante su proceso de libertad condicional, se espera que Pistorius viva en la lujosa mansi\u00f3n de su t\u00edo, en un suburbio acaudalado de Pretoria y en donde vivi\u00f3 durante el juicio.<\/p>\n\n\n\n<p>Pistorius fue enviado en primera instancia a la prisi\u00f3n central de Pretoria, una infame prisi\u00f3n durante el apartheid. En 2016 lo cambiaron a Atteridgeville Correctional Centre de donde saldr\u00e1 en poco m\u00e1s de un mes cuando el mundo ver\u00e1 a Pistorius por primera vez en m\u00e1s de una d\u00e9cada.<\/p>\n","protected":false},"excerpt":{"rendered":"<p>Esta es la fecha en la que el exdeportista ol\u00edmpico saldr\u00e1 de prisi\u00f3n,&nbsp;como parte de&#8230;<\/p>\n","protected":false},"author":1,"featured_media":872,"comment_status":"open","ping_status":"open","sticky":false,"template":"","format":"standard","meta":{"footnotes":""},"categories":[6],"tags":[],"class_list":["post-871","post","type-post","status-publish","format-standard","has-post-thumbnail","hentry","category-deportes"],"_links":{"self":[{"href":"https:\/\/noticierotamaulipeco.info\/index.php?rest_route=\/wp\/v2\/posts\/871","targetHints":{"allow":["GET"]}}],"collection":[{"href":"https:\/\/noticierotamaulipeco.info\/index.php?rest_route=\/wp\/v2\/posts"}],"about":[{"href":"https:\/\/noticierotamaulipeco.info\/index.php?rest_route=\/wp\/v2\/types\/post"}],"author":[{"embeddable":true,"href":"https:\/\/noticierotamaulipeco.info\/index.php?rest_route=\/wp\/v2\/users\/1"}],"replies":[{"embeddable":true,"href":"https:\/\/noticierotamaulipeco.info\/index.php?rest_route=%2Fwp%2Fv2%2Fcomments&post=871"}],"version-history":[{"count":1,"href":"https:\/\/noticierotamaulipeco.info\/index.php?rest_route=\/wp\/v2\/posts\/871\/revisions"}],"predecessor-version":[{"id":873,"href":"https:\/\/noticierotamaulipeco.info\/index.php?rest_route=\/wp\/v2\/posts\/871\/revisions\/873"}],"wp:featuredmedia":[{"embeddable":true,"href":"https:\/\/noticierotamaulipeco.info\/index.php?rest_route=\/wp\/v2\/media\/872"}],"wp:attachment":[{"href":"https:\/\/noticierotamaulipeco.info\/index.php?rest_route=%2Fwp%2Fv2%2Fmedia&parent=871"}],"wp:term":[{"taxonomy":"category","embeddable":true,"href":"https:\/\/noticierotamaulipeco.info\/index.php?rest_route=%2Fwp%2Fv2%2Fcategories&post=871"},{"taxonomy":"post_tag","embeddable":true,"href":"https:\/\/noticierotamaulipeco.info\/index.php?rest_route=%2Fwp%2Fv2%2Ftags&post=871"}],"curies":[{"name":"wp","href":"https:\/\/api.w.org\/{rel}","templated":true}]}}