{"id":874,"date":"2023-11-27T16:26:00","date_gmt":"2023-11-27T16:26:00","guid":{"rendered":"https:\/\/noticierotamaulipeco.info\/?p=874"},"modified":"2023-12-06T04:35:12","modified_gmt":"2023-12-06T04:35:12","slug":"reganan-a-nicola-porcella-por-llegar-tarde-a-un-evento","status":"publish","type":"post","link":"https:\/\/noticierotamaulipeco.info\/?p=874","title":{"rendered":"Rega\u00f1an a Nicola Porcella por llegar tarde a un evento"},"content":{"rendered":"\n<p>El famoso peruano fue rega\u00f1ado por un empresario cuando lleg\u00f3 tarde a un evento en Mexicalli&nbsp;<\/p>\n\n\n\n<p>27 de noviembre de 2023<\/p>\n\n\n\n<figure class=\"wp-block-image size-full\"><img loading=\"lazy\" decoding=\"async\" width=\"770\" height=\"485\" src=\"https:\/\/noticierotamaulipeco.info\/wp-content\/uploads\/2023\/12\/399685268_18401870998047555_4540577024762273627_n_1_crop1701121003115.jpg_1970638775.webp\" alt=\"\" class=\"wp-image-875\" srcset=\"https:\/\/noticierotamaulipeco.info\/wp-content\/uploads\/2023\/12\/399685268_18401870998047555_4540577024762273627_n_1_crop1701121003115.jpg_1970638775.webp 770w, https:\/\/noticierotamaulipeco.info\/wp-content\/uploads\/2023\/12\/399685268_18401870998047555_4540577024762273627_n_1_crop1701121003115.jpg_1970638775-300x189.webp 300w, https:\/\/noticierotamaulipeco.info\/wp-content\/uploads\/2023\/12\/399685268_18401870998047555_4540577024762273627_n_1_crop1701121003115.jpg_1970638775-768x484.webp 768w, https:\/\/noticierotamaulipeco.info\/wp-content\/uploads\/2023\/12\/399685268_18401870998047555_4540577024762273627_n_1_crop1701121003115.jpg_1970638775-540x340.webp 540w\" sizes=\"auto, (max-width: 770px) 100vw, 770px\" \/><\/figure>\n\n\n\n<p>La noche de este domingo&nbsp;comenz\u00f3 a circular un v\u00eddeo donde el peruano<strong>&nbsp;Nicola Porcella<\/strong>&nbsp;es captado,&nbsp;mientras un empresario le reclama frente a un grupo de personas, debido a que el famoso no se present\u00f3 a tiempo a un show para el que fue contratado en Mexicali, situaci\u00f3n que ocasion\u00f3 grandes p\u00e9rdidas a la empresa de entretenimiento, as\u00ed como la molestia de la audiencia, quienes pagaron un boleto para conocer al peruano y tomarse fotograf\u00edas a su lado, por lo que pidi\u00f3 a Porcella y a sus representantes que devolvieran el dinero que se le hab\u00eda pagado previamente.<\/p>\n\n\n\n<p>Desde su participaci\u00f3n en el reality show&nbsp;<strong>&#8220;La casa de los famosos M\u00e9xico&#8221;<\/strong>,&nbsp;<strong>Nicola<\/strong>&nbsp;se convirti\u00f3 en una de las personalidades televisivas&nbsp;<strong>m\u00e1s queridas y aclamadas por el p\u00fablico<\/strong>, que a pesar de que el programa donde participaba termin\u00f3, han seguido apoyando el impulso de su carrera en M\u00e9xico, motivo por el cual, cuando es invitado a un evento, un n\u00famero grande de sus seguidores se presentan para tener la oportunidad de conocerlo, sin embargo, varias de las personas que esperaban un encuentro con el italo-peruano este s\u00e1bado&nbsp;<strong>25 de noviembre en el &#8220;Show de Las P\u00e9rdidas con Wendy Guevara&#8221;,<\/strong>&nbsp;se llevaron la gran decepci\u00f3n de que el famoso&nbsp;<strong>no se apareci\u00f3.<\/strong><\/p>\n\n\n\n<p>El espect\u00e1culo se realiz\u00f3 en el\u00a0<strong>Palenque Fex, en Mexicali, a las 20:00 horas,\u00a0<\/strong>en el cual\u00a0<strong>Wendy Guevara, Paola Su\u00e1rez y Kimberly Irene<\/strong>\u00a0arribaron puntualmente, llevando la rutina acostumbrada de su show, sin embargo, a la hora que correspond\u00eda que\u00a0Porcella saliera al escenario, el p\u00fablico se llev\u00f3 la amarga sorpresa de que no lo har\u00eda, debido a que, de acuerdo con lo que Nicola argument\u00f3, su vuelo desde la Ciudad de M\u00e9xico a Baja California se hab\u00eda retrasado, pero eso no calm\u00f3 el disgusto del empresario que lo contrat\u00f3, quien le\u00a0<strong>propin\u00f3 un rega\u00f1o<\/strong>\u00a0frente a las personas que se encontraban entre bambalinas.<\/p>\n\n\n\n<p>Este video lleg\u00f3 a manos de&nbsp;<strong>Israel Ram\u00edrez<\/strong>, un influencer dedicado a difundir noticias del mundo del espect\u00e1culo, y lo comparti\u00f3 en sus redes sociales, sugiriendo que&nbsp;<strong>Porcella hab\u00eda llegado tarde al evento<\/strong>, debido a que previamente hab\u00eda sido visto en la zona VIP del Flow Fest, festival que estuvo animando junto a Wendy Guevara, sin embargo,&nbsp;eso sucedi\u00f3 un d\u00eda despu\u00e9s, el domingo 26 de noviembre, mientras que el show de Las P\u00e9rdidas fue el s\u00e1bado 25.<\/p>\n\n\n\n<p>A pesar de que no queda claro cu\u00e1l fue la causa que lo retras\u00f3, si fue un evento, el retraso de un vuelo o alguna otra raz\u00f3n, el peruano tuvo que afrontar los reclamos del empresario, quien se dirigi\u00f3 con \u00e9l notablemente molesto:<\/p>\n\n\n\n<p>Yo tengo un contrato que se termina a las dos de la ma\u00f1ana, hay gente que pag\u00f3 por tomarse una foto contigo, por verte, ok&#8230; no les cumpliste, nosotros como empresa quedamos mal con la gente, entonces \u00bfqu\u00e9 hacemos? Yo quiero que t\u00fa respondas ante un contrato que nosotros hicimos porque no pagamos nada m\u00e1s para que vengas y est\u00e9s aqu\u00ed afuera con 20 personas&#8221;, se\u00f1al\u00f3 el empresario.<\/p>\n\n\n\n<p>&#8220;Yo creo que tienes que valorar a la gente que pag\u00f3 un boleto para venir a verte, y no cumpliste porque tuviste otro compromiso en otro lugar, en la Ciudad de M\u00e9xico, este contrato se hizo desde agosto, y t\u00fa lo sab\u00edas muy bien&#8221;,&nbsp;prosigui\u00f3.<\/p>\n\n\n\n<p>Pese a esto,&nbsp;<strong>Nicola lo interrumpi\u00f3 y le aclar\u00f3 que \u00e9l no maneja su agenda<\/strong>, sino que s\u00f3lo recibe instrucciones de cu\u00e1ndo y a qu\u00e9 hora llegar a los eventos donde lo es convocado por contrato, por lo que asegur\u00f3 que s\u00ed har\u00eda la devoluci\u00f3n del dinero que se le pag\u00f3, cuando el empresario le expuso que esa ser\u00eda la soluci\u00f3n al problema.<\/p>\n\n\n\n<p>&#8220;Eso es lo que t\u00fa no me est\u00e1s entendiendo, yo no manejo mi agenda, yo no s\u00e9 cu\u00e1ndo viajo, a mi me dicen: \u00b4-Este es tu pasaje\u00b4. y tiene raz\u00f3n, yo voy a responder, voy a responder como Nicola, yo no voy a quedar mal, porque confiaste en m\u00ed, yo no soy de aqu\u00ed, no soy mexicano, llegu\u00e9 hace unos meses, me est\u00e1n acomodando todo&#8221;,&nbsp;replic\u00f3.<\/p>\n\n\n\n<p>El peruano no ha comentado nada respecto a esta controversia, y en sus redes sociales s\u00f3lo ha compartido las actividades que ha realizado desde esta ma\u00f1ana, d\u00e1ndose cita en el set de&nbsp;<strong>&#8220;Un amor sin receta&#8221;<\/strong>, telenovela que est\u00e1 filmando y en la que debutar\u00e1 como actor en tierras mexicanas.<\/p>\n","protected":false},"excerpt":{"rendered":"<p>El famoso peruano fue rega\u00f1ado por un empresario cuando lleg\u00f3 tarde a un evento en&#8230;<\/p>\n","protected":false},"author":1,"featured_media":875,"comment_status":"open","ping_status":"open","sticky":false,"template":"","format":"standard","meta":{"footnotes":""},"categories":[7],"tags":[],"class_list":["post-874","post","type-post","status-publish","format-standard","has-post-thumbnail","hentry","category-espectaculos"],"_links":{"self":[{"href":"https:\/\/noticierotamaulipeco.info\/index.php?rest_route=\/wp\/v2\/posts\/874","targetHints":{"allow":["GET"]}}],"collection":[{"href":"https:\/\/noticierotamaulipeco.info\/index.php?rest_route=\/wp\/v2\/posts"}],"about":[{"href":"https:\/\/noticierotamaulipeco.info\/index.php?rest_route=\/wp\/v2\/types\/post"}],"author":[{"embeddable":true,"href":"https:\/\/noticierotamaulipeco.info\/index.php?rest_route=\/wp\/v2\/users\/1"}],"replies":[{"embeddable":true,"href":"https:\/\/noticierotamaulipeco.info\/index.php?rest_route=%2Fwp%2Fv2%2Fcomments&post=874"}],"version-history":[{"count":1,"href":"https:\/\/noticierotamaulipeco.info\/index.php?rest_route=\/wp\/v2\/posts\/874\/revisions"}],"predecessor-version":[{"id":876,"href":"https:\/\/noticierotamaulipeco.info\/index.php?rest_route=\/wp\/v2\/posts\/874\/revisions\/876"}],"wp:featuredmedia":[{"embeddable":true,"href":"https:\/\/noticierotamaulipeco.info\/index.php?rest_route=\/wp\/v2\/media\/875"}],"wp:attachment":[{"href":"https:\/\/noticierotamaulipeco.info\/index.php?rest_route=%2Fwp%2Fv2%2Fmedia&parent=874"}],"wp:term":[{"taxonomy":"category","embeddable":true,"href":"https:\/\/noticierotamaulipeco.info\/index.php?rest_route=%2Fwp%2Fv2%2Fcategories&post=874"},{"taxonomy":"post_tag","embeddable":true,"href":"https:\/\/noticierotamaulipeco.info\/index.php?rest_route=%2Fwp%2Fv2%2Ftags&post=874"}],"curies":[{"name":"wp","href":"https:\/\/api.w.org\/{rel}","templated":true}]}}