{"id":880,"date":"2023-11-25T16:47:00","date_gmt":"2023-11-25T16:47:00","guid":{"rendered":"https:\/\/noticierotamaulipeco.info\/?p=880"},"modified":"2023-12-06T04:52:44","modified_gmt":"2023-12-06T04:52:44","slug":"participa-tamaulipas-en-la-convencion-semianual-de-la-confederacion-nacional-de-organizaciones-ganaderas-2023","status":"publish","type":"post","link":"https:\/\/noticierotamaulipeco.info\/?p=880","title":{"rendered":"PARTICIPA TAMAULIPAS EN LA \u201cCONVENCI\u00d3N SEMIANUAL DE LA CONFEDERACI\u00d3N NACIONAL DE ORGANIZACIONES GANADERAS 2023\u201d"},"content":{"rendered":"\n<figure class=\"wp-block-image size-full\"><img loading=\"lazy\" decoding=\"async\" width=\"850\" height=\"500\" src=\"https:\/\/noticierotamaulipeco.info\/wp-content\/uploads\/2023\/12\/SRU-067-2023.-Participa-Tamaulipas-en-la-Convencion-Semianual-de-la-Confederacion-Nacional-de-Organizaciones-Ganaderas-2023-2-850x500-1.jpeg\" alt=\"\" class=\"wp-image-881\" srcset=\"https:\/\/noticierotamaulipeco.info\/wp-content\/uploads\/2023\/12\/SRU-067-2023.-Participa-Tamaulipas-en-la-Convencion-Semianual-de-la-Confederacion-Nacional-de-Organizaciones-Ganaderas-2023-2-850x500-1.jpeg 850w, https:\/\/noticierotamaulipeco.info\/wp-content\/uploads\/2023\/12\/SRU-067-2023.-Participa-Tamaulipas-en-la-Convencion-Semianual-de-la-Confederacion-Nacional-de-Organizaciones-Ganaderas-2023-2-850x500-1-300x176.jpeg 300w, https:\/\/noticierotamaulipeco.info\/wp-content\/uploads\/2023\/12\/SRU-067-2023.-Participa-Tamaulipas-en-la-Convencion-Semianual-de-la-Confederacion-Nacional-de-Organizaciones-Ganaderas-2023-2-850x500-1-768x452.jpeg 768w\" sizes=\"auto, (max-width: 850px) 100vw, 850px\" \/><\/figure>\n\n\n\n<p>Noviembre 24 de 2023<\/p>\n\n\n\n<p>San Luis Potos\u00ed, SLP.- Con el fin de exponer los avances del programa y las observaciones para la erradicaci\u00f3n de la tuberculosis bovina en Tamaulipas, el subsecretario de Desarrollo Pecuario y Forestal del Gobierno de Tamaulipas, Cuauht\u00e9moc Amaya Garc\u00eda, asisti\u00f3 a la \u201cConvenci\u00f3n Semianual&nbsp;de la Confederaci\u00f3n Nacional de Organizaciones Ganaderas 2023\u201d (CNOG), que se desarroll\u00f3 en San Luis Potos\u00ed.<\/p>\n\n\n\n<p>Al acudir en representaci\u00f3n del secretario de Desarrollo Rural, Pesca y Acuacultura, D\u00e1maso Anaya Alvarado, el subsecretario Amaya Garc\u00eda, dijo que durante la convenci\u00f3n se ratific\u00f3 el compromiso de apoyar a peque\u00f1os y grandes productores agropecuarios, ante 300 l\u00edderes ganaderos del pa\u00eds e integrantes de la CNOG, quienes hacen posible un M\u00e9xico sustentable, adem\u00e1s resalt\u00f3 la importancia de esta industria que alimenta al pa\u00eds, y que consolidar\u00e1 la autosuficiencia alimentaria de las y los mexicanos.<\/p>\n\n\n\n<p>Durante la reuni\u00f3n, se citaron puntos importantes para los productores de Tamaulipas; se hizo menci\u00f3n de los bovinos a exportar que no aparecieran en la prueba, por lo cual se lleg\u00f3 a un acuerdo, el cual consta en evaluar dicha decisi\u00f3n, misma que ser\u00e1 tomada en cuenta en la pr\u00f3xima reuni\u00f3n Binacional M\u00e9xico-Estados Unidos.<\/p>\n\n\n\n<p>As\u00ed mismo, tras la p\u00e9rdida del estatus zoosanitario del estado de Nuevo Le\u00f3n, Tamaulipas present\u00f3 una propuesta de una zona de control de movilizaci\u00f3n de ganado y pruebas diagn\u00f3sticas de tuberculosis bovina en los municipios colindantes con el estado vecino; esto con el objetivo de blindar a Tamaulipas ante la posible introducci\u00f3n irregular de ganado.<\/p>\n\n\n\n<p>Estuvieron presentes Homero Garc\u00eda de la Llata, presidente de la CNOG; Jos\u00e9 Guerrero Gamboa, presidente de la UGRT; Gabriel Ayala Borunda, director general de Salud Animal en SENASICA; Tirzo Zumaya Turrubiates, director de Fomento Pecuario; \u00d3scar Barr\u00f3n, jefe de Departamento de Sanidad Animal; V\u00edctor Guti\u00e9rrez Rivas, responsable de Movilizaci\u00f3n; Antonio Nogales Bautista, coordinador de la Campa\u00f1a contra la Tuberculosis Bovina ; Rub\u00ed S\u00e1nchez, jefa de Ventanilla SINIIGA, adem\u00e1s de secretarios y subsecretarios de los estados de Durango, Coahuila, Nuevo Le\u00f3n, Yucat\u00e1n, San Luis Potos\u00ed.<\/p>\n","protected":false},"excerpt":{"rendered":"<p>Noviembre 24 de 2023 San Luis Potos\u00ed, SLP.- Con el fin de exponer los avances&#8230;<\/p>\n","protected":false},"author":1,"featured_media":881,"comment_status":"open","ping_status":"open","sticky":false,"template":"","format":"standard","meta":{"footnotes":""},"categories":[2],"tags":[],"class_list":["post-880","post","type-post","status-publish","format-standard","has-post-thumbnail","hentry","category-tamaulipas"],"_links":{"self":[{"href":"https:\/\/noticierotamaulipeco.info\/index.php?rest_route=\/wp\/v2\/posts\/880","targetHints":{"allow":["GET"]}}],"collection":[{"href":"https:\/\/noticierotamaulipeco.info\/index.php?rest_route=\/wp\/v2\/posts"}],"about":[{"href":"https:\/\/noticierotamaulipeco.info\/index.php?rest_route=\/wp\/v2\/types\/post"}],"author":[{"embeddable":true,"href":"https:\/\/noticierotamaulipeco.info\/index.php?rest_route=\/wp\/v2\/users\/1"}],"replies":[{"embeddable":true,"href":"https:\/\/noticierotamaulipeco.info\/index.php?rest_route=%2Fwp%2Fv2%2Fcomments&post=880"}],"version-history":[{"count":1,"href":"https:\/\/noticierotamaulipeco.info\/index.php?rest_route=\/wp\/v2\/posts\/880\/revisions"}],"predecessor-version":[{"id":882,"href":"https:\/\/noticierotamaulipeco.info\/index.php?rest_route=\/wp\/v2\/posts\/880\/revisions\/882"}],"wp:featuredmedia":[{"embeddable":true,"href":"https:\/\/noticierotamaulipeco.info\/index.php?rest_route=\/wp\/v2\/media\/881"}],"wp:attachment":[{"href":"https:\/\/noticierotamaulipeco.info\/index.php?rest_route=%2Fwp%2Fv2%2Fmedia&parent=880"}],"wp:term":[{"taxonomy":"category","embeddable":true,"href":"https:\/\/noticierotamaulipeco.info\/index.php?rest_route=%2Fwp%2Fv2%2Fcategories&post=880"},{"taxonomy":"post_tag","embeddable":true,"href":"https:\/\/noticierotamaulipeco.info\/index.php?rest_route=%2Fwp%2Fv2%2Ftags&post=880"}],"curies":[{"name":"wp","href":"https:\/\/api.w.org\/{rel}","templated":true}]}}