{"id":883,"date":"2023-11-28T16:55:00","date_gmt":"2023-11-28T16:55:00","guid":{"rendered":"https:\/\/noticierotamaulipeco.info\/?p=883"},"modified":"2023-12-06T04:58:53","modified_gmt":"2023-12-06T04:58:53","slug":"rio-de-janeiro-nuevamente-sera-sede-de-la-gala-los-50-mejores-restaurantes-de-latinoamerica","status":"publish","type":"post","link":"https:\/\/noticierotamaulipeco.info\/?p=883","title":{"rendered":"R\u00edo de Janeiro, nuevamente ser\u00e1 sede de la gala \u201clos 50 mejores restaurantes de Latinoam\u00e9rica\u201d"},"content":{"rendered":"\n<p>Brasil se convirti\u00f3 este a\u00f1o por primera vez en el organizador del evento y repetir\u00e1 en 2024<\/p>\n\n\n\n<p>28 de noviembre de 2023<\/p>\n\n\n\n<figure class=\"wp-block-image size-full\"><img loading=\"lazy\" decoding=\"async\" width=\"770\" height=\"485\" src=\"https:\/\/noticierotamaulipeco.info\/wp-content\/uploads\/2023\/12\/once_restaurantes_mex_x12207396x_x1x_1_crop1701226459360.jpg_1970638775.webp\" alt=\"\" class=\"wp-image-884\" srcset=\"https:\/\/noticierotamaulipeco.info\/wp-content\/uploads\/2023\/12\/once_restaurantes_mex_x12207396x_x1x_1_crop1701226459360.jpg_1970638775.webp 770w, https:\/\/noticierotamaulipeco.info\/wp-content\/uploads\/2023\/12\/once_restaurantes_mex_x12207396x_x1x_1_crop1701226459360.jpg_1970638775-300x189.webp 300w, https:\/\/noticierotamaulipeco.info\/wp-content\/uploads\/2023\/12\/once_restaurantes_mex_x12207396x_x1x_1_crop1701226459360.jpg_1970638775-768x484.webp 768w, https:\/\/noticierotamaulipeco.info\/wp-content\/uploads\/2023\/12\/once_restaurantes_mex_x12207396x_x1x_1_crop1701226459360.jpg_1970638775-540x340.webp 540w\" sizes=\"auto, (max-width: 770px) 100vw, 770px\" \/><\/figure>\n\n\n\n<p>Este martes la ciudad Brasile\u00f1a,<strong>&nbsp;R\u00edo de Janeiro acogi\u00f3 la ceremonia de premiaci\u00f3n de los 50 mejores restaurantes de Am\u00e9rica Latina<\/strong>, misma que&nbsp;<strong>ser\u00e1&nbsp;nuevamente la sede del evento en 2024<\/strong>, anunci\u00f3 el alcalde, Eduardo Paes.<\/p>\n\n\n\n<p>Al comienzo de la gala realizada en\u00a0el lujoso hotel Copacabana Palace y tras festejar al acuerdo que lleg\u00f3 con los organizadores del concurso, The Latin America&#8217;s 50 Best Restaurant,\u00a0Paes\u00a0anunci\u00f3 que\u00a0&#8220;El evento del pr\u00f3ximo a\u00f1o ser\u00e1 nuevamente en la ciudad m\u00e1s hermosa del mundo, R\u00edo de\u00a0Janeiro&#8221;.<\/p>\n\n\n\n<p>Tras ya haber pasado por Argentina, Colombia, Per\u00fa y M\u00e9xico, Brasil se convirti\u00f3 este a\u00f1o por primera vez en el organizador del evento y repetir\u00e1 en 2024.<\/p>\n\n\n\n<p>Antes de R\u00edo de Janeiro, en su d\u00e9cima edici\u00f3n, la gala tuvo lugar en M\u00e9rida (M\u00e9xico) en noviembre del a\u00f1o pasado.<\/p>\n\n\n\n<p><strong>Los premios son organizados desde hace 11 a\u00f1os por la organizaci\u00f3n The Latin America&#8217;s 50 Best Restaurants<\/strong>\u00a0y reconocen el talento, la innovaci\u00f3n, el patrimonio y la variedad de la escena gastron\u00f3mica de la regi\u00f3n.<\/p>\n\n\n\n<p>Los 50 mejores restaurantes de Am\u00e9rica Latina de\u00a0este a\u00f1o fueron escogidos por 300 jurados an\u00f3nimos, entre chefs, periodistas gastron\u00f3micos y\u00a0gourmets,\u00a0cada uno de los cuales escogi\u00f3 diez establecimientos en los que hubiera estado en el \u00faltimo a\u00f1o y por fuera de su regi\u00f3n de actuaci\u00f3n.<\/p>\n","protected":false},"excerpt":{"rendered":"<p>Brasil se convirti\u00f3 este a\u00f1o por primera vez en el organizador del evento y repetir\u00e1&#8230;<\/p>\n","protected":false},"author":1,"featured_media":884,"comment_status":"open","ping_status":"open","sticky":false,"template":"","format":"standard","meta":{"footnotes":""},"categories":[5],"tags":[],"class_list":["post-883","post","type-post","status-publish","format-standard","has-post-thumbnail","hentry","category-internacional"],"_links":{"self":[{"href":"https:\/\/noticierotamaulipeco.info\/index.php?rest_route=\/wp\/v2\/posts\/883","targetHints":{"allow":["GET"]}}],"collection":[{"href":"https:\/\/noticierotamaulipeco.info\/index.php?rest_route=\/wp\/v2\/posts"}],"about":[{"href":"https:\/\/noticierotamaulipeco.info\/index.php?rest_route=\/wp\/v2\/types\/post"}],"author":[{"embeddable":true,"href":"https:\/\/noticierotamaulipeco.info\/index.php?rest_route=\/wp\/v2\/users\/1"}],"replies":[{"embeddable":true,"href":"https:\/\/noticierotamaulipeco.info\/index.php?rest_route=%2Fwp%2Fv2%2Fcomments&post=883"}],"version-history":[{"count":1,"href":"https:\/\/noticierotamaulipeco.info\/index.php?rest_route=\/wp\/v2\/posts\/883\/revisions"}],"predecessor-version":[{"id":885,"href":"https:\/\/noticierotamaulipeco.info\/index.php?rest_route=\/wp\/v2\/posts\/883\/revisions\/885"}],"wp:featuredmedia":[{"embeddable":true,"href":"https:\/\/noticierotamaulipeco.info\/index.php?rest_route=\/wp\/v2\/media\/884"}],"wp:attachment":[{"href":"https:\/\/noticierotamaulipeco.info\/index.php?rest_route=%2Fwp%2Fv2%2Fmedia&parent=883"}],"wp:term":[{"taxonomy":"category","embeddable":true,"href":"https:\/\/noticierotamaulipeco.info\/index.php?rest_route=%2Fwp%2Fv2%2Fcategories&post=883"},{"taxonomy":"post_tag","embeddable":true,"href":"https:\/\/noticierotamaulipeco.info\/index.php?rest_route=%2Fwp%2Fv2%2Ftags&post=883"}],"curies":[{"name":"wp","href":"https:\/\/api.w.org\/{rel}","templated":true}]}}