{"id":887,"date":"2023-11-30T17:04:00","date_gmt":"2023-11-30T17:04:00","guid":{"rendered":"https:\/\/noticierotamaulipeco.info\/?p=887"},"modified":"2023-12-06T05:07:18","modified_gmt":"2023-12-06T05:07:18","slug":"postura-del-cmb-baja-las-esperanzas-de-una-pelea-entre-canelo-alvarez-y-david-benavidez","status":"publish","type":"post","link":"https:\/\/noticierotamaulipeco.info\/?p=887","title":{"rendered":"Postura del CMB baja las esperanzas de una pelea entre Canelo \u00c1lvarez y David Benavidez"},"content":{"rendered":"\n<p>Mucho se ha especulado sobre una posible pelea entre Sa\u00fal Canelo \u00c1lvarez y David Benavidez<\/p>\n\n\n\n<p>30 de noviembre de 2023\u00a0<\/p>\n\n\n\n<figure class=\"wp-block-image size-full\"><img loading=\"lazy\" decoding=\"async\" width=\"770\" height=\"485\" src=\"https:\/\/noticierotamaulipeco.info\/wp-content\/uploads\/2023\/12\/rs847475_age-2020-06-30-18-00-26_crop1701366616499.jpg_1970638775.webp\" alt=\"\" class=\"wp-image-888\" srcset=\"https:\/\/noticierotamaulipeco.info\/wp-content\/uploads\/2023\/12\/rs847475_age-2020-06-30-18-00-26_crop1701366616499.jpg_1970638775.webp 770w, https:\/\/noticierotamaulipeco.info\/wp-content\/uploads\/2023\/12\/rs847475_age-2020-06-30-18-00-26_crop1701366616499.jpg_1970638775-300x189.webp 300w, https:\/\/noticierotamaulipeco.info\/wp-content\/uploads\/2023\/12\/rs847475_age-2020-06-30-18-00-26_crop1701366616499.jpg_1970638775-768x484.webp 768w, https:\/\/noticierotamaulipeco.info\/wp-content\/uploads\/2023\/12\/rs847475_age-2020-06-30-18-00-26_crop1701366616499.jpg_1970638775-540x340.webp 540w\" sizes=\"auto, (max-width: 770px) 100vw, 770px\" \/><\/figure>\n\n\n\n<p>Mucho se ha especulado sobre una posible pelea entre Sa\u00fal Canelo \u00c1lvarez y David Benavidez, quien en reiteradas ocasiones, ha declarado su deseo de pelear frente al tapat\u00edo, pero por distintas circunstancias esto no se ha podido llevar a cabo.<\/p>\n\n\n\n<p>Recientemente, David Benavidez, durante una entrevista, insiti\u00f3 de nueva cuenta en tener un enfrentamiento con Sa\u00fal \u00c1lvarez, incluso, dio algunas posibles fechas en las que podr\u00eda llevarse a cabo la pelea.<\/p>\n\n\n\n<p>Por su parte,\u00a0<strong>Mauricio Sulaim\u00e1n, Presidene del Consejo Mundial de Boxeo (CMB), declar\u00f3 que el organismo no forzar\u00e1 la pelea entre ambos boxeadores, y no establecer\u00e1n una fecha exacta<\/strong>, asimismo, pidi\u00f3 calma a la afici\u00f3n que est\u00e1 deseosa de presenciar un enfrentamiento entre Canelo y Benavidez.<\/p>\n\n\n\n<p><strong>\u201cBenavidez es el retador oficial. Vamos a buscar las mejores condiciones y se va a hacer de una manera profesional, puntual y en beneficio para todos\u201d,<\/strong>\u00a0coment\u00f3 Mauricio Sulaim\u00e1n, recalcando que\u00a0<strong>\u201clas condiciones tienen que ser para el beneficio de ambos\u201d.<\/strong><\/p>\n","protected":false},"excerpt":{"rendered":"<p>Mucho se ha especulado sobre una posible pelea entre Sa\u00fal Canelo \u00c1lvarez y David Benavidez&#8230;<\/p>\n","protected":false},"author":1,"featured_media":888,"comment_status":"open","ping_status":"open","sticky":false,"template":"","format":"standard","meta":{"footnotes":""},"categories":[6],"tags":[],"class_list":["post-887","post","type-post","status-publish","format-standard","has-post-thumbnail","hentry","category-deportes"],"_links":{"self":[{"href":"https:\/\/noticierotamaulipeco.info\/index.php?rest_route=\/wp\/v2\/posts\/887","targetHints":{"allow":["GET"]}}],"collection":[{"href":"https:\/\/noticierotamaulipeco.info\/index.php?rest_route=\/wp\/v2\/posts"}],"about":[{"href":"https:\/\/noticierotamaulipeco.info\/index.php?rest_route=\/wp\/v2\/types\/post"}],"author":[{"embeddable":true,"href":"https:\/\/noticierotamaulipeco.info\/index.php?rest_route=\/wp\/v2\/users\/1"}],"replies":[{"embeddable":true,"href":"https:\/\/noticierotamaulipeco.info\/index.php?rest_route=%2Fwp%2Fv2%2Fcomments&post=887"}],"version-history":[{"count":1,"href":"https:\/\/noticierotamaulipeco.info\/index.php?rest_route=\/wp\/v2\/posts\/887\/revisions"}],"predecessor-version":[{"id":889,"href":"https:\/\/noticierotamaulipeco.info\/index.php?rest_route=\/wp\/v2\/posts\/887\/revisions\/889"}],"wp:featuredmedia":[{"embeddable":true,"href":"https:\/\/noticierotamaulipeco.info\/index.php?rest_route=\/wp\/v2\/media\/888"}],"wp:attachment":[{"href":"https:\/\/noticierotamaulipeco.info\/index.php?rest_route=%2Fwp%2Fv2%2Fmedia&parent=887"}],"wp:term":[{"taxonomy":"category","embeddable":true,"href":"https:\/\/noticierotamaulipeco.info\/index.php?rest_route=%2Fwp%2Fv2%2Fcategories&post=887"},{"taxonomy":"post_tag","embeddable":true,"href":"https:\/\/noticierotamaulipeco.info\/index.php?rest_route=%2Fwp%2Fv2%2Ftags&post=887"}],"curies":[{"name":"wp","href":"https:\/\/api.w.org\/{rel}","templated":true}]}}